{"id":77,"date":"2012-02-04T12:52:23","date_gmt":"2012-02-04T11:52:23","guid":{"rendered":"http:\/\/buchau.be\/usa2012\/?p=77"},"modified":"2026-01-13T09:35:02","modified_gmt":"2026-01-13T08:35:02","slug":"day-1-washington-dc","status":"publish","type":"post","link":"http:\/\/buchau.be\/usa2012\/?p=77","title":{"rendered":"Day 0 &#8211; Arriv\u00e9e \u00e0 Washington DC"},"content":{"rendered":"<p>Apr\u00e8s un vol AF028 en A380 qui s&rsquo;est tr\u00e8s bien d\u00e9roul\u00e9 (personnel charmant avion tout neuf, mais moins impressionnant que ce que j&rsquo;esp\u00e9rais; \u00e7a reste une b\u00e9taill\u00e8re en \u00e9co), nous sommes arriv\u00e9s \u00e0 Washington DC \u00e0 12:50pm. Les bagages ont mis \u00e9norm\u00e9ment de temps \u00e0 nous \u00eatre d\u00e9livr\u00e9s; le tapis \u00e9tait coinc\u00e9! En ce qui concerne les contr\u00f4les de s\u00e9curit\u00e9, on voit bien que le 9\/11 est loin derri\u00e8re; il n&rsquo;y a vraiment plus la psychose d&rsquo;il y a quelques ann\u00e9es&#8230;<\/p>\n<p>Il fait beau, tr\u00e8s beau et chaud, tr\u00e8s chaud, trop chaud: 40\u00b0C&#8230; \u00e0 l&rsquo;ombre (et il n&rsquo;y en a pas beaucoup!). Mais on aime \u00e7a: on se sent alors vraiment en vacances!<\/p>\n<figure id=\"attachment_122\" aria-describedby=\"caption-attachment-122\" style=\"width: 300px\" class=\"wp-caption aligncenter\"><a href=\"http:\/\/buchau.be\/usa2012\/wp-content\/uploads\/2012\/02\/IMG_0546.jpg\"><img loading=\"lazy\" decoding=\"async\" class=\"size-medium wp-image-122\" title=\"Marie s'adapte \u00e0 son environnement... et me pique mon casquet\" src=\"http:\/\/buchau.be\/usa2012\/wp-content\/uploads\/2012\/02\/IMG_0546-300x199.jpg\" alt=\"Marie s'adapte \u00e0 son environnement... et me pique mon casquet\" width=\"300\" height=\"199\" srcset=\"http:\/\/buchau.be\/usa2012\/wp-content\/uploads\/2012\/02\/IMG_0546-300x199.jpg 300w, http:\/\/buchau.be\/usa2012\/wp-content\/uploads\/2012\/02\/IMG_0546.jpg 1000w\" sizes=\"auto, (max-width: 300px) 100vw, 300px\" \/><\/a><figcaption id=\"caption-attachment-122\" class=\"wp-caption-text\">Marie s&rsquo;adapte \u00e0 son environnement&#8230; et me pique mon casquet<\/figcaption><\/figure>\n<p>On s&rsquo;est install\u00e9s \u00e0 notre h\u00f4tel. Celui-ci est vraiment bien situ\u00e9 et la chambre est parfaite. Seule la clim est un peu bruyante :-\/<\/p>\n<p>J&rsquo;ai mang\u00e9 mon premier hot-dog US sous une chaleur de plomb. On a vu la <em>Maison Blanche<\/em>&#8230; de derri\u00e8re.<\/p>\n<figure id=\"attachment_121\" aria-describedby=\"caption-attachment-121\" style=\"width: 300px\" class=\"wp-caption aligncenter\"><a href=\"http:\/\/buchau.be\/usa2012\/wp-content\/uploads\/2012\/02\/IMG_0544.jpg\"><img loading=\"lazy\" decoding=\"async\" class=\"size-medium wp-image-121\" title=\"Le jardin de la Maison Blanche\" src=\"http:\/\/buchau.be\/usa2012\/wp-content\/uploads\/2012\/02\/IMG_0544-300x199.jpg\" alt=\"Le jardin de la Maison Blanche\" width=\"300\" height=\"199\" srcset=\"http:\/\/buchau.be\/usa2012\/wp-content\/uploads\/2012\/02\/IMG_0544-300x199.jpg 300w, http:\/\/buchau.be\/usa2012\/wp-content\/uploads\/2012\/02\/IMG_0544.jpg 1000w\" sizes=\"auto, (max-width: 300px) 100vw, 300px\" \/><\/a><figcaption id=\"caption-attachment-121\" class=\"wp-caption-text\">Le jardin de la Maison Blanche<\/figcaption><\/figure>\n<p>Quand on a voulu la voir de devant, on s&rsquo;est fait \u00e9vacuer (on a compris plus tard que la police \u00e9vacuait la zone car <em>Barrack <\/em>rentrait \u00e0 la maison en h\u00e9lico).<\/p>\n<figure id=\"attachment_123\" aria-describedby=\"caption-attachment-123\" style=\"width: 300px\" class=\"wp-caption aligncenter\"><a href=\"http:\/\/buchau.be\/usa2012\/wp-content\/uploads\/2012\/02\/IMG_0556.jpg\"><img loading=\"lazy\" decoding=\"async\" class=\"size-medium wp-image-123\" title=\"L'ob\u00e9lisque de Washington... et, accessoirement, les h\u00e9licos de Barrack qui passent devant ;-)\" src=\"http:\/\/buchau.be\/usa2012\/wp-content\/uploads\/2012\/02\/IMG_0556-300x199.jpg\" alt=\"\" width=\"300\" height=\"199\" srcset=\"http:\/\/buchau.be\/usa2012\/wp-content\/uploads\/2012\/02\/IMG_0556-300x199.jpg 300w, http:\/\/buchau.be\/usa2012\/wp-content\/uploads\/2012\/02\/IMG_0556.jpg 1000w\" sizes=\"auto, (max-width: 300px) 100vw, 300px\" \/><\/a><figcaption id=\"caption-attachment-123\" class=\"wp-caption-text\">L&rsquo;ob\u00e9lisque de Washington&#8230; et, accessoirement, les h\u00e9licos de Barrack qui passent devant ;-)<\/figcaption><\/figure>\n<p>Comme vous l&rsquo;aurez probablement compris, nous nous sommes un peu promen\u00e9s dans le centre, \u00e0 la recherche de ce que nous connaissons d\u00e9j\u00e0 par la t\u00e9l\u00e9. On a aussi vu plein de <em>Memorial<\/em>s, monuments \u00e9rig\u00e9s\u00a0 \u00e0 la gloire et\/ou en souvenir; principalement, des soldats tomb\u00e9s pour la patrie ou pour la libert\u00e9. On a vu le <em>Lincoln Monument<\/em>:<\/p>\n<figure id=\"attachment_124\" aria-describedby=\"caption-attachment-124\" style=\"width: 199px\" class=\"wp-caption aligncenter\"><a href=\"http:\/\/buchau.be\/usa2012\/wp-content\/uploads\/2012\/02\/IMG_0570.jpg\"><img loading=\"lazy\" decoding=\"async\" class=\"size-medium wp-image-124\" title=\"Lincoln (qui regarde l'ob\u00e9lisque)\" src=\"http:\/\/buchau.be\/usa2012\/wp-content\/uploads\/2012\/02\/IMG_0570-199x300.jpg\" alt=\"Lincoln (qui regarde l'ob\u00e9lisque)\" width=\"199\" height=\"300\" srcset=\"http:\/\/buchau.be\/usa2012\/wp-content\/uploads\/2012\/02\/IMG_0570-199x300.jpg 199w, http:\/\/buchau.be\/usa2012\/wp-content\/uploads\/2012\/02\/IMG_0570.jpg 666w\" sizes=\"auto, (max-width: 199px) 100vw, 199px\" \/><\/a><figcaption id=\"caption-attachment-124\" class=\"wp-caption-text\">Lincoln (qui regarde l&rsquo;ob\u00e9lisque)<\/figcaption><\/figure>\n<p>Une des caract\u00e9ristiques architecturales les plus frappantes ici est le style n\u00e9o-classique massif et massivement utilis\u00e9 par tous les monuments et b\u00e2timents officiels. Parfois, on pourrait se croire dans le sud de l&rsquo;Europe \u00e0 une autre \u00e9poque&#8230;<\/p>\n<figure id=\"attachment_125\" aria-describedby=\"caption-attachment-125\" style=\"width: 300px\" class=\"wp-caption aligncenter\"><a href=\"http:\/\/buchau.be\/usa2012\/wp-content\/uploads\/2012\/02\/IMG_0571.jpg\"><img loading=\"lazy\" decoding=\"async\" class=\"size-medium wp-image-125\" title=\"Sicile? Gr\u00e8ce? Turquie? non: DC!\" src=\"http:\/\/buchau.be\/usa2012\/wp-content\/uploads\/2012\/02\/IMG_0571-300x199.jpg\" alt=\"Sicile? Gr\u00e8ce? Turquie? non: DC!\" width=\"300\" height=\"199\" srcset=\"http:\/\/buchau.be\/usa2012\/wp-content\/uploads\/2012\/02\/IMG_0571-300x199.jpg 300w, http:\/\/buchau.be\/usa2012\/wp-content\/uploads\/2012\/02\/IMG_0571.jpg 1000w\" sizes=\"auto, (max-width: 300px) 100vw, 300px\" \/><\/a><figcaption id=\"caption-attachment-125\" class=\"wp-caption-text\">Sicile? Gr\u00e8ce? Turquie? non: DC!<\/figcaption><\/figure>\n<p>La journ\u00e9e se termine ensuite par notre repas du soir, le <em>dinner<\/em>, que nous avons pris dans un saloon (\u00e7a ressemble \u00e0 s&rsquo;y m\u00e9prendre \u00e0 un pub anglais). On s&rsquo;attendait \u00e0 des grandes portions&#8230; mais l\u00e0, il va falloir faire gaffe pour les prochaines commandes sinon on va prendre 5 kilos chacun. Le d\u00e9calage horaire (-6h) ne nous a pas abattus bien qu&rsquo;on se soit lamentablement \u00e9croul\u00e9s \u00e0 8:00pm.<\/p>\n<p>Ce samedi, on va probablement faire un tour en bus rouge hop-on\/hop-off pour faire le tour des choses essentielles \u00e0 voir puis on commencera notre marathon-mus\u00e9es.<\/p>\n<p>PS: Merci d\u00e9j\u00e0 pour les premiers commentaires&#8230; \u00c7a commence fort; on adore! N&rsquo;h\u00e9sitez pas \u00e0 en laisser (qu&rsquo;on se connaisse bien, tr\u00e8s bien ou pas) ; \u00e7a nous fait toujours plaisir!<\/p>\n","protected":false},"excerpt":{"rendered":"<p>Apr\u00e8s un vol AF028 en A380 qui s&rsquo;est tr\u00e8s bien d\u00e9roul\u00e9 (personnel charmant avion tout neuf, mais moins impressionnant que ce que j&rsquo;esp\u00e9rais; \u00e7a reste une b\u00e9taill\u00e8re en \u00e9co), nous sommes arriv\u00e9s \u00e0 Washington DC \u00e0 12:50pm. Les bagages ont mis \u00e9norm\u00e9ment de temps \u00e0 nous \u00eatre d\u00e9livr\u00e9s; le tapis \u00e9tait coinc\u00e9! En ce qui&#8230;<\/p>\n","protected":false},"author":1,"featured_media":124,"comment_status":"closed","ping_status":"closed","sticky":false,"template":"","format":"standard","meta":{"footnotes":"","_links_to":"","_links_to_target":""},"categories":[6],"tags":[],"class_list":["post-77","post","type-post","status-publish","format-standard","has-post-thumbnail","hentry","category-washington-dc"],"_links":{"self":[{"href":"http:\/\/buchau.be\/usa2012\/index.php?rest_route=\/wp\/v2\/posts\/77","targetHints":{"allow":["GET"]}}],"collection":[{"href":"http:\/\/buchau.be\/usa2012\/index.php?rest_route=\/wp\/v2\/posts"}],"about":[{"href":"http:\/\/buchau.be\/usa2012\/index.php?rest_route=\/wp\/v2\/types\/post"}],"author":[{"embeddable":true,"href":"http:\/\/buchau.be\/usa2012\/index.php?rest_route=\/wp\/v2\/users\/1"}],"replies":[{"embeddable":true,"href":"http:\/\/buchau.be\/usa2012\/index.php?rest_route=%2Fwp%2Fv2%2Fcomments&post=77"}],"version-history":[{"count":5,"href":"http:\/\/buchau.be\/usa2012\/index.php?rest_route=\/wp\/v2\/posts\/77\/revisions"}],"predecessor-version":[{"id":120,"href":"http:\/\/buchau.be\/usa2012\/index.php?rest_route=\/wp\/v2\/posts\/77\/revisions\/120"}],"wp:featuredmedia":[{"embeddable":true,"href":"http:\/\/buchau.be\/usa2012\/index.php?rest_route=\/wp\/v2\/media\/124"}],"wp:attachment":[{"href":"http:\/\/buchau.be\/usa2012\/index.php?rest_route=%2Fwp%2Fv2%2Fmedia&parent=77"}],"wp:term":[{"taxonomy":"category","embeddable":true,"href":"http:\/\/buchau.be\/usa2012\/index.php?rest_route=%2Fwp%2Fv2%2Fcategories&post=77"},{"taxonomy":"post_tag","embeddable":true,"href":"http:\/\/buchau.be\/usa2012\/index.php?rest_route=%2Fwp%2Fv2%2Ftags&post=77"}],"curies":[{"name":"wp","href":"https:\/\/api.w.org\/{rel}","templated":true}]}}