{"id":1,"date":"2014-06-09T14:58:22","date_gmt":"2014-06-09T14:58:22","guid":{"rendered":"http:\/\/http:\/\/buchau.be\/bretagne2015\/"},"modified":"2015-05-12T14:06:48","modified_gmt":"2015-05-12T14:06:48","slug":"hello-world","status":"publish","type":"post","link":"https:\/\/buchau.be\/bretagne2015\/?p=1","title":{"rendered":"Un we en Bretagne&#8230;"},"content":{"rendered":"<p>\u00ab\u00a0<em>Plus jamais avant tes 50 ans<\/em>\u00a0\u00bb que je lui avais dit en <a href=\"http:\/\/bretagne2011.buchau.be\" target=\"_blank\">2011<\/a>&#8230; \u00ab\u00a0<em>sauf peut-\u00eatre<\/em> <em>un <\/em>we prolong\u00e9\u00a0\u00bb avais-je pr\u00e9cis\u00e9 plus tard, du bout des l\u00e8vres&#8230;<\/p>\n<p>Au mois de mai de l&rsquo;ann\u00e9e derni\u00e8re (donc au moment de r\u00e9server les cong\u00e9s du mois de mai de cette ann\u00e9e), j&rsquo;avais oubli\u00e9 cela&#8230; mais pas Marie!<\/p>\n<p>Nous voil\u00e0 donc partis pour 4 jours (et une chique) au sud de la <em>Bretagne<\/em>, au <em>Croisic<\/em>.<\/p>\n<div id=\"attachment_23\" style=\"width: 310px\" class=\"wp-caption aligncenter\"><a href=\"http:\/\/buchau.be\/bretagne2015\/wp-content\/uploads\/2014\/06\/Map.jpg\"><img loading=\"lazy\" decoding=\"async\" aria-describedby=\"caption-attachment-23\" class=\"wp-image-23 size-medium\" src=\"http:\/\/buchau.be\/bretagne2015\/wp-content\/uploads\/2014\/06\/Map-300x194.jpg\" alt=\"Map\" width=\"300\" height=\"194\" srcset=\"https:\/\/buchau.be\/bretagne2015\/wp-content\/uploads\/2014\/06\/Map-300x194.jpg 300w, https:\/\/buchau.be\/bretagne2015\/wp-content\/uploads\/2014\/06\/Map-624x403.jpg 624w, https:\/\/buchau.be\/bretagne2015\/wp-content\/uploads\/2014\/06\/Map.jpg 965w\" sizes=\"auto, (max-width: 300px) 100vw, 300px\" \/><\/a><p id=\"caption-attachment-23\" class=\"wp-caption-text\">Merci Google Maps pour la carte :)-<\/p><\/div>\n<p>Nous avons choisi de voler jusque <em>Nantes<\/em>: pas envie de conduire 8 \u00e0 9h et train hors de prix sans possibilit\u00e9 de trajet direct&#8230;<\/p>\n<p>Sur place nous louons une voiture et avons pris l&rsquo;option \u00ab\u00a0studio \u00e0 louer\u00a0\u00bb (tous les d\u00e9tails dans la section \u00ab\u00a0<a href=\"http:\/\/buchau.be\/bretagne2015\/?page_id=9\">Backstage<\/a>\u00ab\u00a0).<\/p>\n<p>&nbsp;<\/p>\n","protected":false},"excerpt":{"rendered":"<p>\u00ab\u00a0Plus jamais avant tes 50 ans\u00a0\u00bb que je lui avais dit en 2011&#8230; \u00ab\u00a0sauf peut-\u00eatre un we prolong\u00e9\u00a0\u00bb avais-je pr\u00e9cis\u00e9 plus tard, du bout des l\u00e8vres&#8230; Au mois de mai de l&rsquo;ann\u00e9e derni\u00e8re (donc au moment de r\u00e9server les cong\u00e9s du mois de mai de cette ann\u00e9e), j&rsquo;avais oubli\u00e9 cela&#8230; mais pas Marie! Nous voil\u00e0 [&hellip;]<\/p>\n","protected":false},"author":1,"featured_media":0,"comment_status":"open","ping_status":"open","sticky":false,"template":"","format":"standard","meta":{"footnotes":""},"categories":[2],"tags":[],"class_list":["post-1","post","type-post","status-publish","format-standard","hentry","category-bretagne"],"_links":{"self":[{"href":"https:\/\/buchau.be\/bretagne2015\/index.php?rest_route=\/wp\/v2\/posts\/1","targetHints":{"allow":["GET"]}}],"collection":[{"href":"https:\/\/buchau.be\/bretagne2015\/index.php?rest_route=\/wp\/v2\/posts"}],"about":[{"href":"https:\/\/buchau.be\/bretagne2015\/index.php?rest_route=\/wp\/v2\/types\/post"}],"author":[{"embeddable":true,"href":"https:\/\/buchau.be\/bretagne2015\/index.php?rest_route=\/wp\/v2\/users\/1"}],"replies":[{"embeddable":true,"href":"https:\/\/buchau.be\/bretagne2015\/index.php?rest_route=%2Fwp%2Fv2%2Fcomments&post=1"}],"version-history":[{"count":8,"href":"https:\/\/buchau.be\/bretagne2015\/index.php?rest_route=\/wp\/v2\/posts\/1\/revisions"}],"predecessor-version":[{"id":25,"href":"https:\/\/buchau.be\/bretagne2015\/index.php?rest_route=\/wp\/v2\/posts\/1\/revisions\/25"}],"wp:attachment":[{"href":"https:\/\/buchau.be\/bretagne2015\/index.php?rest_route=%2Fwp%2Fv2%2Fmedia&parent=1"}],"wp:term":[{"taxonomy":"category","embeddable":true,"href":"https:\/\/buchau.be\/bretagne2015\/index.php?rest_route=%2Fwp%2Fv2%2Fcategories&post=1"},{"taxonomy":"post_tag","embeddable":true,"href":"https:\/\/buchau.be\/bretagne2015\/index.php?rest_route=%2Fwp%2Fv2%2Ftags&post=1"}],"curies":[{"name":"wp","href":"https:\/\/api.w.org\/{rel}","templated":true}]}}