{"id":29,"date":"2015-05-14T08:19:30","date_gmt":"2015-05-14T08:19:30","guid":{"rendered":"http:\/\/buchau.be\/bretagne2015\/?p=29"},"modified":"2015-05-14T08:19:30","modified_gmt":"2015-05-14T08:19:30","slug":"avis-de-bonne-arrivee","status":"publish","type":"post","link":"https:\/\/buchau.be\/bretagne2015\/?p=29","title":{"rendered":"Avis de bonne arriv\u00e9e"},"content":{"rendered":"<p>Nous avons eu un excellent vol <em>Hop!<\/em> de BRU vers NTE (un <em>Embraer<\/em> 145; un bus :-p ). La voiture de location \u00e9tait pr\u00eate. On a fait quelque petites courses. Nous sommes arriv\u00e9s au studio vers 22:00. On a d\u00e9pos\u00e9 les valises puis nous avons mang\u00e9 (en terrasse) sur le port de <em>Le Croisic<\/em>.<\/p>\n<p>Ce matin, la m\u00e9t\u00e9o est moins cl\u00e9mente<\/p>\n<p><a href=\"http:\/\/buchau.be\/bretagne2015\/wp-content\/uploads\/2015\/05\/11248335_10153220517306544_419600031097387140_n.jpg\"><img loading=\"lazy\" decoding=\"async\" class=\"aligncenter size-medium wp-image-30\" src=\"http:\/\/buchau.be\/bretagne2015\/wp-content\/uploads\/2015\/05\/11248335_10153220517306544_419600031097387140_n-300x300.jpg\" alt=\"11248335_10153220517306544_419600031097387140_n\" width=\"300\" height=\"300\" srcset=\"https:\/\/buchau.be\/bretagne2015\/wp-content\/uploads\/2015\/05\/11248335_10153220517306544_419600031097387140_n-300x300.jpg 300w, https:\/\/buchau.be\/bretagne2015\/wp-content\/uploads\/2015\/05\/11248335_10153220517306544_419600031097387140_n-150x150.jpg 150w, https:\/\/buchau.be\/bretagne2015\/wp-content\/uploads\/2015\/05\/11248335_10153220517306544_419600031097387140_n-624x624.jpg 624w, https:\/\/buchau.be\/bretagne2015\/wp-content\/uploads\/2015\/05\/11248335_10153220517306544_419600031097387140_n.jpg 960w\" sizes=\"auto, (max-width: 300px) 100vw, 300px\" \/><\/a><\/p>\n<p>Marie nous a fait un programme du feu de dieu; je sens qu&rsquo;on va beaucoup marcher&#8230;<\/p>\n","protected":false},"excerpt":{"rendered":"<p>Nous avons eu un excellent vol Hop! de BRU vers NTE (un Embraer 145; un bus :-p ). La voiture de location \u00e9tait pr\u00eate. On a fait quelque petites courses. Nous sommes arriv\u00e9s au studio vers 22:00. On a d\u00e9pos\u00e9 les valises puis nous avons mang\u00e9 (en terrasse) sur le port de Le Croisic. Ce [&hellip;]<\/p>\n","protected":false},"author":1,"featured_media":0,"comment_status":"open","ping_status":"open","sticky":false,"template":"","format":"standard","meta":{"footnotes":""},"categories":[2],"tags":[],"class_list":["post-29","post","type-post","status-publish","format-standard","hentry","category-bretagne"],"_links":{"self":[{"href":"https:\/\/buchau.be\/bretagne2015\/index.php?rest_route=\/wp\/v2\/posts\/29","targetHints":{"allow":["GET"]}}],"collection":[{"href":"https:\/\/buchau.be\/bretagne2015\/index.php?rest_route=\/wp\/v2\/posts"}],"about":[{"href":"https:\/\/buchau.be\/bretagne2015\/index.php?rest_route=\/wp\/v2\/types\/post"}],"author":[{"embeddable":true,"href":"https:\/\/buchau.be\/bretagne2015\/index.php?rest_route=\/wp\/v2\/users\/1"}],"replies":[{"embeddable":true,"href":"https:\/\/buchau.be\/bretagne2015\/index.php?rest_route=%2Fwp%2Fv2%2Fcomments&post=29"}],"version-history":[{"count":1,"href":"https:\/\/buchau.be\/bretagne2015\/index.php?rest_route=\/wp\/v2\/posts\/29\/revisions"}],"predecessor-version":[{"id":31,"href":"https:\/\/buchau.be\/bretagne2015\/index.php?rest_route=\/wp\/v2\/posts\/29\/revisions\/31"}],"wp:attachment":[{"href":"https:\/\/buchau.be\/bretagne2015\/index.php?rest_route=%2Fwp%2Fv2%2Fmedia&parent=29"}],"wp:term":[{"taxonomy":"category","embeddable":true,"href":"https:\/\/buchau.be\/bretagne2015\/index.php?rest_route=%2Fwp%2Fv2%2Fcategories&post=29"},{"taxonomy":"post_tag","embeddable":true,"href":"https:\/\/buchau.be\/bretagne2015\/index.php?rest_route=%2Fwp%2Fv2%2Ftags&post=29"}],"curies":[{"name":"wp","href":"https:\/\/api.w.org\/{rel}","templated":true}]}}