{"id":83,"date":"2015-05-16T18:29:01","date_gmt":"2015-05-16T18:29:01","guid":{"rendered":"http:\/\/buchau.be\/bretagne2015\/?p=83"},"modified":"2015-05-16T18:34:30","modified_gmt":"2015-05-16T18:34:30","slug":"jour-3-grand-blockhaus-pouliguen-et-guerande","status":"publish","type":"post","link":"https:\/\/buchau.be\/bretagne2015\/?p=83","title":{"rendered":"Jour 3: Grand blockhaus, Pouliguen et Gu\u00e9rande"},"content":{"rendered":"\n\t\t<style type=\"text\/css\">\n\t\t\t#gallery-1 {\n\t\t\t\tmargin: auto;\n\t\t\t}\n\t\t\t#gallery-1 .gallery-item {\n\t\t\t\tfloat: left;\n\t\t\t\tmargin-top: 10px;\n\t\t\t\ttext-align: center;\n\t\t\t\twidth: 33%;\n\t\t\t}\n\t\t\t#gallery-1 img {\n\t\t\t\tborder: 2px solid #cfcfcf;\n\t\t\t}\n\t\t\t#gallery-1 .gallery-caption {\n\t\t\t\tmargin-left: 0;\n\t\t\t}\n\t\t\t\/* see gallery_shortcode() in wp-includes\/media.php *\/\n\t\t<\/style>\n\t\t<div data-carousel-extra='{\"blog_id\":1,\"permalink\":\"https:\\\/\\\/buchau.be\\\/bretagne2015\\\/?p=83\"}' id='gallery-1' class='gallery galleryid-83 gallery-columns-3 gallery-size-thumbnail'><dl class='gallery-item'>\n\t\t\t<dt class='gallery-icon landscape'>\n\t\t\t\t<a href='https:\/\/buchau.be\/bretagne2015\/?attachment_id=85'><img loading=\"lazy\" decoding=\"async\" data-attachment-id=\"85\" data-orig-file=\"https:\/\/buchau.be\/bretagne2015\/wp-content\/uploads\/2015\/05\/DSC01903.jpg\" data-orig-size=\"4912,2760\" data-comments-opened=\"1\" data-image-meta=\"{&quot;aperture&quot;:&quot;13&quot;,&quot;credit&quot;:&quot;&quot;,&quot;camera&quot;:&quot;NEX-5R&quot;,&quot;caption&quot;:&quot;&quot;,&quot;created_timestamp&quot;:&quot;1431778363&quot;,&quot;copyright&quot;:&quot;&quot;,&quot;focal_length&quot;:&quot;22&quot;,&quot;iso&quot;:&quot;100&quot;,&quot;shutter_speed&quot;:&quot;0.005&quot;,&quot;title&quot;:&quot;&quot;,&quot;orientation&quot;:&quot;1&quot;}\" data-image-title=\"DSC01903\" data-image-description=\"\" data-medium-file=\"https:\/\/buchau.be\/bretagne2015\/wp-content\/uploads\/2015\/05\/DSC01903-300x169.jpg\" data-large-file=\"https:\/\/buchau.be\/bretagne2015\/wp-content\/uploads\/2015\/05\/DSC01903-1024x575.jpg\" title=\"DSC01903\" width=\"150\" height=\"150\" src=\"https:\/\/buchau.be\/bretagne2015\/wp-content\/uploads\/2015\/05\/DSC01903-150x150.jpg\" class=\"attachment-thumbnail size-thumbnail\" alt=\"\" \/><\/a>\n\t\t\t<\/dt><\/dl><dl class='gallery-item'>\n\t\t\t<dt class='gallery-icon landscape'>\n\t\t\t\t<a href='https:\/\/buchau.be\/bretagne2015\/?attachment_id=86'><img loading=\"lazy\" decoding=\"async\" data-attachment-id=\"86\" data-orig-file=\"https:\/\/buchau.be\/bretagne2015\/wp-content\/uploads\/2015\/05\/DSC01905.jpg\" data-orig-size=\"4912,2760\" data-comments-opened=\"1\" data-image-meta=\"{&quot;aperture&quot;:&quot;13&quot;,&quot;credit&quot;:&quot;&quot;,&quot;camera&quot;:&quot;NEX-5R&quot;,&quot;caption&quot;:&quot;&quot;,&quot;created_timestamp&quot;:&quot;1431778510&quot;,&quot;copyright&quot;:&quot;&quot;,&quot;focal_length&quot;:&quot;16&quot;,&quot;iso&quot;:&quot;100&quot;,&quot;shutter_speed&quot;:&quot;0.00625&quot;,&quot;title&quot;:&quot;&quot;,&quot;orientation&quot;:&quot;1&quot;}\" data-image-title=\"DSC01905\" data-image-description=\"\" data-medium-file=\"https:\/\/buchau.be\/bretagne2015\/wp-content\/uploads\/2015\/05\/DSC01905-300x169.jpg\" data-large-file=\"https:\/\/buchau.be\/bretagne2015\/wp-content\/uploads\/2015\/05\/DSC01905-1024x575.jpg\" title=\"DSC01905\" width=\"150\" height=\"150\" src=\"https:\/\/buchau.be\/bretagne2015\/wp-content\/uploads\/2015\/05\/DSC01905-150x150.jpg\" class=\"attachment-thumbnail size-thumbnail\" alt=\"\" \/><\/a>\n\t\t\t<\/dt><\/dl><dl class='gallery-item'>\n\t\t\t<dt class='gallery-icon landscape'>\n\t\t\t\t<a href='https:\/\/buchau.be\/bretagne2015\/?attachment_id=87'><img loading=\"lazy\" decoding=\"async\" data-attachment-id=\"87\" data-orig-file=\"https:\/\/buchau.be\/bretagne2015\/wp-content\/uploads\/2015\/05\/DSC01911.jpg\" data-orig-size=\"4912,2760\" data-comments-opened=\"1\" data-image-meta=\"{&quot;aperture&quot;:&quot;13&quot;,&quot;credit&quot;:&quot;&quot;,&quot;camera&quot;:&quot;NEX-5R&quot;,&quot;caption&quot;:&quot;&quot;,&quot;created_timestamp&quot;:&quot;1431791347&quot;,&quot;copyright&quot;:&quot;&quot;,&quot;focal_length&quot;:&quot;50&quot;,&quot;iso&quot;:&quot;100&quot;,&quot;shutter_speed&quot;:&quot;0.00625&quot;,&quot;title&quot;:&quot;&quot;,&quot;orientation&quot;:&quot;1&quot;}\" data-image-title=\"DSC01911\" data-image-description=\"\" data-medium-file=\"https:\/\/buchau.be\/bretagne2015\/wp-content\/uploads\/2015\/05\/DSC01911-300x169.jpg\" data-large-file=\"https:\/\/buchau.be\/bretagne2015\/wp-content\/uploads\/2015\/05\/DSC01911-1024x575.jpg\" title=\"DSC01911\" width=\"150\" height=\"150\" src=\"https:\/\/buchau.be\/bretagne2015\/wp-content\/uploads\/2015\/05\/DSC01911-150x150.jpg\" class=\"attachment-thumbnail size-thumbnail\" alt=\"\" \/><\/a>\n\t\t\t<\/dt><\/dl><br style=\"clear: both\" \/><dl class='gallery-item'>\n\t\t\t<dt class='gallery-icon landscape'>\n\t\t\t\t<a href='https:\/\/buchau.be\/bretagne2015\/?attachment_id=88'><img loading=\"lazy\" decoding=\"async\" data-attachment-id=\"88\" data-orig-file=\"https:\/\/buchau.be\/bretagne2015\/wp-content\/uploads\/2015\/05\/DSC01915.jpg\" data-orig-size=\"4912,2760\" data-comments-opened=\"1\" data-image-meta=\"{&quot;aperture&quot;:&quot;13&quot;,&quot;credit&quot;:&quot;&quot;,&quot;camera&quot;:&quot;NEX-5R&quot;,&quot;caption&quot;:&quot;&quot;,&quot;created_timestamp&quot;:&quot;1431799486&quot;,&quot;copyright&quot;:&quot;&quot;,&quot;focal_length&quot;:&quot;210&quot;,&quot;iso&quot;:&quot;320&quot;,&quot;shutter_speed&quot;:&quot;0.0025&quot;,&quot;title&quot;:&quot;&quot;,&quot;orientation&quot;:&quot;1&quot;}\" data-image-title=\"DSC01915\" data-image-description=\"\" data-medium-file=\"https:\/\/buchau.be\/bretagne2015\/wp-content\/uploads\/2015\/05\/DSC01915-300x169.jpg\" data-large-file=\"https:\/\/buchau.be\/bretagne2015\/wp-content\/uploads\/2015\/05\/DSC01915-1024x575.jpg\" title=\"DSC01915\" width=\"150\" height=\"150\" src=\"https:\/\/buchau.be\/bretagne2015\/wp-content\/uploads\/2015\/05\/DSC01915-150x150.jpg\" class=\"attachment-thumbnail size-thumbnail\" alt=\"\" \/><\/a>\n\t\t\t<\/dt><\/dl><dl class='gallery-item'>\n\t\t\t<dt class='gallery-icon landscape'>\n\t\t\t\t<a href='https:\/\/buchau.be\/bretagne2015\/?attachment_id=84'><img loading=\"lazy\" decoding=\"async\" data-attachment-id=\"84\" data-orig-file=\"https:\/\/buchau.be\/bretagne2015\/wp-content\/uploads\/2015\/05\/DSC01919.jpg\" data-orig-size=\"4912,2760\" data-comments-opened=\"1\" data-image-meta=\"{&quot;aperture&quot;:&quot;13&quot;,&quot;credit&quot;:&quot;&quot;,&quot;camera&quot;:&quot;NEX-5R&quot;,&quot;caption&quot;:&quot;&quot;,&quot;created_timestamp&quot;:&quot;1431799593&quot;,&quot;copyright&quot;:&quot;&quot;,&quot;focal_length&quot;:&quot;210&quot;,&quot;iso&quot;:&quot;500&quot;,&quot;shutter_speed&quot;:&quot;0.0025&quot;,&quot;title&quot;:&quot;&quot;,&quot;orientation&quot;:&quot;1&quot;}\" data-image-title=\"DSC01919\" data-image-description=\"\" data-medium-file=\"https:\/\/buchau.be\/bretagne2015\/wp-content\/uploads\/2015\/05\/DSC01919-300x169.jpg\" data-large-file=\"https:\/\/buchau.be\/bretagne2015\/wp-content\/uploads\/2015\/05\/DSC01919-1024x575.jpg\" title=\"DSC01919\" width=\"150\" height=\"150\" src=\"https:\/\/buchau.be\/bretagne2015\/wp-content\/uploads\/2015\/05\/DSC01919-150x150.jpg\" class=\"attachment-thumbnail size-thumbnail\" alt=\"\" \/><\/a>\n\t\t\t<\/dt><\/dl>\n\t\t\t<br style='clear: both' \/>\n\t\t<\/div>\n\n<p>Pas grand-chose \u00e0 raconter aujourd&rsquo;hui&#8230; Ah si, la voiture a refus\u00e9 de red\u00e9marrer apr\u00e8s l&rsquo;arr\u00eat du matin \u00e0 la boulangerie! Bilan: une bonne heure et demie coinc\u00e9 sur le parking du port&#8230;<\/p>\n<p>Sinon, on a aussi \u00e9t\u00e9 visiter le <em>Grand Blockhaus<\/em> de <em>Batz<\/em> (very interesting! Marie lit \u00ab\u00a0<em>Le Si\u00e8cle<\/em>\u00a0\u00bb de <em>Ken Follet<\/em>); on s&rsquo;est promen\u00e9 le long de la <em>C\u00f4te Sauvage<\/em>; on a lu au soleil (\u00e7a, c&rsquo;est ma femme qui me force \u00e0 l&rsquo;\u00e9crire!); \u00ab\u00a0on\u00a0\u00bb a fait des achats au <em>Comptoirs des Marins<\/em>&#8230; Bref une belle petite journ\u00e9e toute simple \ud83d\ude42<\/p>\n","protected":false},"excerpt":{"rendered":"<p>Pas grand-chose \u00e0 raconter aujourd&rsquo;hui&#8230; Ah si, la voiture a refus\u00e9 de red\u00e9marrer apr\u00e8s l&rsquo;arr\u00eat du matin \u00e0 la boulangerie! Bilan: une bonne heure et demie coinc\u00e9 sur le parking du port&#8230; Sinon, on a aussi \u00e9t\u00e9 visiter le Grand Blockhaus de Batz (very interesting! Marie lit \u00ab\u00a0Le Si\u00e8cle\u00a0\u00bb de Ken Follet); on s&rsquo;est promen\u00e9 [&hellip;]<\/p>\n","protected":false},"author":1,"featured_media":0,"comment_status":"open","ping_status":"open","sticky":false,"template":"","format":"standard","meta":{"footnotes":""},"categories":[2],"tags":[],"class_list":["post-83","post","type-post","status-publish","format-standard","hentry","category-bretagne"],"_links":{"self":[{"href":"https:\/\/buchau.be\/bretagne2015\/index.php?rest_route=\/wp\/v2\/posts\/83","targetHints":{"allow":["GET"]}}],"collection":[{"href":"https:\/\/buchau.be\/bretagne2015\/index.php?rest_route=\/wp\/v2\/posts"}],"about":[{"href":"https:\/\/buchau.be\/bretagne2015\/index.php?rest_route=\/wp\/v2\/types\/post"}],"author":[{"embeddable":true,"href":"https:\/\/buchau.be\/bretagne2015\/index.php?rest_route=\/wp\/v2\/users\/1"}],"replies":[{"embeddable":true,"href":"https:\/\/buchau.be\/bretagne2015\/index.php?rest_route=%2Fwp%2Fv2%2Fcomments&post=83"}],"version-history":[{"count":2,"href":"https:\/\/buchau.be\/bretagne2015\/index.php?rest_route=\/wp\/v2\/posts\/83\/revisions"}],"predecessor-version":[{"id":93,"href":"https:\/\/buchau.be\/bretagne2015\/index.php?rest_route=\/wp\/v2\/posts\/83\/revisions\/93"}],"wp:attachment":[{"href":"https:\/\/buchau.be\/bretagne2015\/index.php?rest_route=%2Fwp%2Fv2%2Fmedia&parent=83"}],"wp:term":[{"taxonomy":"category","embeddable":true,"href":"https:\/\/buchau.be\/bretagne2015\/index.php?rest_route=%2Fwp%2Fv2%2Fcategories&post=83"},{"taxonomy":"post_tag","embeddable":true,"href":"https:\/\/buchau.be\/bretagne2015\/index.php?rest_route=%2Fwp%2Fv2%2Ftags&post=83"}],"curies":[{"name":"wp","href":"https:\/\/api.w.org\/{rel}","templated":true}]}}