{"id":94,"date":"2015-05-18T11:50:09","date_gmt":"2015-05-18T11:50:09","guid":{"rendered":"http:\/\/buchau.be\/bretagne2015\/?p=94"},"modified":"2015-05-18T11:50:09","modified_gmt":"2015-05-18T11:50:09","slug":"jour-4-dernier-jour","status":"publish","type":"post","link":"https:\/\/buchau.be\/bretagne2015\/?p=94","title":{"rendered":"Jour 4: Dernier jour&#8230;"},"content":{"rendered":"<p>Ce dernier jour, pas de photos&#8230; On range, on rend les cl\u00e9s, on va faire un tour le long de l&rsquo;eau, en ville, on se met en route vers <em>Nantes<\/em>, on veut visiter le \u00ab\u00a0<em>Lieu Unique<\/em>\u00a0\u00bb (ancienne usine <em>LU<\/em>), on mange, on va \u00e0 l&rsquo;a\u00e9roport, on rend la voiture, on rentre \ud83d\ude09<\/p>\n<p>Bref, contrairement \u00e0 ce que j&rsquo;aimerais pr\u00e9tendre, j&rsquo;ai pass\u00e9 un bon s\u00e9jour&#8230; mais cela reste entre nous, bien s\u00fbr \ud83d\ude09<\/p>\n","protected":false},"excerpt":{"rendered":"<p>Ce dernier jour, pas de photos&#8230; On range, on rend les cl\u00e9s, on va faire un tour le long de l&rsquo;eau, en ville, on se met en route vers Nantes, on veut visiter le \u00ab\u00a0Lieu Unique\u00a0\u00bb (ancienne usine LU), on mange, on va \u00e0 l&rsquo;a\u00e9roport, on rend la voiture, on rentre \ud83d\ude09 Bref, contrairement \u00e0 [&hellip;]<\/p>\n","protected":false},"author":1,"featured_media":0,"comment_status":"open","ping_status":"open","sticky":false,"template":"","format":"standard","meta":{"footnotes":""},"categories":[2],"tags":[],"class_list":["post-94","post","type-post","status-publish","format-standard","hentry","category-bretagne"],"_links":{"self":[{"href":"https:\/\/buchau.be\/bretagne2015\/index.php?rest_route=\/wp\/v2\/posts\/94","targetHints":{"allow":["GET"]}}],"collection":[{"href":"https:\/\/buchau.be\/bretagne2015\/index.php?rest_route=\/wp\/v2\/posts"}],"about":[{"href":"https:\/\/buchau.be\/bretagne2015\/index.php?rest_route=\/wp\/v2\/types\/post"}],"author":[{"embeddable":true,"href":"https:\/\/buchau.be\/bretagne2015\/index.php?rest_route=\/wp\/v2\/users\/1"}],"replies":[{"embeddable":true,"href":"https:\/\/buchau.be\/bretagne2015\/index.php?rest_route=%2Fwp%2Fv2%2Fcomments&post=94"}],"version-history":[{"count":1,"href":"https:\/\/buchau.be\/bretagne2015\/index.php?rest_route=\/wp\/v2\/posts\/94\/revisions"}],"predecessor-version":[{"id":95,"href":"https:\/\/buchau.be\/bretagne2015\/index.php?rest_route=\/wp\/v2\/posts\/94\/revisions\/95"}],"wp:attachment":[{"href":"https:\/\/buchau.be\/bretagne2015\/index.php?rest_route=%2Fwp%2Fv2%2Fmedia&parent=94"}],"wp:term":[{"taxonomy":"category","embeddable":true,"href":"https:\/\/buchau.be\/bretagne2015\/index.php?rest_route=%2Fwp%2Fv2%2Fcategories&post=94"},{"taxonomy":"post_tag","embeddable":true,"href":"https:\/\/buchau.be\/bretagne2015\/index.php?rest_route=%2Fwp%2Fv2%2Ftags&post=94"}],"curies":[{"name":"wp","href":"https:\/\/api.w.org\/{rel}","templated":true}]}}