{"id":106,"date":"2015-04-07T20:45:41","date_gmt":"2015-04-07T18:45:41","guid":{"rendered":"http:\/\/buchau.be\/espagne2015\/?p=106"},"modified":"2015-04-08T20:47:57","modified_gmt":"2015-04-08T18:47:57","slug":"jour-1-arrivee-a-barcelone-3","status":"publish","type":"post","link":"https:\/\/buchau.be\/espagne2015\/2015\/04\/jour-1-arrivee-a-barcelone-3\/","title":{"rendered":"Jour 1: arriv\u00e9e \u00e0 Barcelone"},"content":{"rendered":"<p>Le vol SN3703 s\u2019est bien d\u00e9roul\u00e9; le pilote n\u2019a pas \u00e9t\u00e9 uriner pendant notre trajet. Nous avons atterri dans les temps et r\u00e9cup\u00e9r\u00e9 nos bagages apr\u00e8s une longue attente (note pour plus tard: ne pas atterrir en <em>Espagne<\/em> au moment de la sieste!). Un court trajet en taxi pour nous mener \u00e0 l\u2019h\u00f4tel, un court moment pour s\u2019installer puis nous nous mettons en route pour d\u00e9couvrir un aspect de la ville que nous avions manqu\u00e9 lors de notre pr\u00e9c\u00e9dent s\u00e9jour: sa plage! Nous prenons le m\u00e9tro pour rejoindre la <em>Barceloneta<\/em> et marcher le long de la plage.<\/p>\n<div data-carousel-extra='{\"blog_id\":1,\"permalink\":\"https:\\\/\\\/buchau.be\\\/espagne2015\\\/2015\\\/04\\\/jour-1-arrivee-a-barcelone-3\\\/\"}' class=\"tiled-gallery type-rectangular\" data-original-width=\"1140\"><div class=\"gallery-row\" style=\"width: 1135px; height: 210px;\"><div class=\"gallery-group images-1\" style=\"width: 379px; height: 214px;\"><div class=\"tiled-gallery-item tiled-gallery-item-full\"><a href=\"https:\/\/buchau.be\/espagne2015\/wp-content\/uploads\/2015\/04\/DSC01162.jpg\"><img loading=\"lazy\" decoding=\"async\" data-attachment-id=\"107\" data-orig-file=\"https:\/\/buchau.be\/espagne2015\/wp-content\/uploads\/2015\/04\/DSC01162.jpg\" data-orig-size=\"1000,561\" data-comments-opened=\"1\" data-image-meta=\"{&quot;aperture&quot;:&quot;6.3&quot;,&quot;credit&quot;:&quot;&quot;,&quot;camera&quot;:&quot;NEX-5R&quot;,&quot;caption&quot;:&quot;&quot;,&quot;created_timestamp&quot;:&quot;1428424549&quot;,&quot;copyright&quot;:&quot;&quot;,&quot;focal_length&quot;:&quot;16&quot;,&quot;iso&quot;:&quot;100&quot;,&quot;shutter_speed&quot;:&quot;0.00125&quot;,&quot;title&quot;:&quot;&quot;,&quot;orientation&quot;:&quot;1&quot;}\" data-image-title=\"DSC01162\" data-image-description=\"\" data-medium-file=\"https:\/\/buchau.be\/espagne2015\/wp-content\/uploads\/2015\/04\/DSC01162-300x168.jpg\" data-large-file=\"https:\/\/buchau.be\/espagne2015\/wp-content\/uploads\/2015\/04\/DSC01162.jpg\" src=\"https:\/\/buchau.be\/espagne2015\/wp-content\/uploads\/2015\/04\/DSC01162.jpg\" width=\"375\" height=\"210\" align=\"left\" title=\"DSC01162\" \/><\/a><\/div><\/div><div class=\"gallery-group images-1\" style=\"width: 378px; height: 214px;\"><div class=\"tiled-gallery-item tiled-gallery-item-full\"><a href=\"https:\/\/buchau.be\/espagne2015\/wp-content\/uploads\/2015\/04\/DSC01164.jpg\"><img loading=\"lazy\" decoding=\"async\" data-attachment-id=\"108\" data-orig-file=\"https:\/\/buchau.be\/espagne2015\/wp-content\/uploads\/2015\/04\/DSC01164.jpg\" data-orig-size=\"1000,561\" data-comments-opened=\"1\" data-image-meta=\"{&quot;aperture&quot;:&quot;6.3&quot;,&quot;credit&quot;:&quot;&quot;,&quot;camera&quot;:&quot;NEX-5R&quot;,&quot;caption&quot;:&quot;&quot;,&quot;created_timestamp&quot;:&quot;1428424710&quot;,&quot;copyright&quot;:&quot;&quot;,&quot;focal_length&quot;:&quot;21&quot;,&quot;iso&quot;:&quot;100&quot;,&quot;shutter_speed&quot;:&quot;0.002&quot;,&quot;title&quot;:&quot;&quot;,&quot;orientation&quot;:&quot;1&quot;}\" data-image-title=\"DSC01164\" data-image-description=\"\" data-medium-file=\"https:\/\/buchau.be\/espagne2015\/wp-content\/uploads\/2015\/04\/DSC01164-300x168.jpg\" data-large-file=\"https:\/\/buchau.be\/espagne2015\/wp-content\/uploads\/2015\/04\/DSC01164.jpg\" src=\"https:\/\/buchau.be\/espagne2015\/wp-content\/uploads\/2015\/04\/DSC01164.jpg\" width=\"374\" height=\"210\" align=\"left\" title=\"DSC01164\" \/><\/a><\/div><\/div><div class=\"gallery-group images-1\" style=\"width: 378px; height: 214px;\"><div class=\"tiled-gallery-item tiled-gallery-item-full\"><a href=\"https:\/\/buchau.be\/espagne2015\/wp-content\/uploads\/2015\/04\/DSC01166.jpg\"><img loading=\"lazy\" decoding=\"async\" data-attachment-id=\"109\" data-orig-file=\"https:\/\/buchau.be\/espagne2015\/wp-content\/uploads\/2015\/04\/DSC01166.jpg\" data-orig-size=\"1000,561\" data-comments-opened=\"1\" data-image-meta=\"{&quot;aperture&quot;:&quot;6.3&quot;,&quot;credit&quot;:&quot;&quot;,&quot;camera&quot;:&quot;NEX-5R&quot;,&quot;caption&quot;:&quot;&quot;,&quot;created_timestamp&quot;:&quot;1428425595&quot;,&quot;copyright&quot;:&quot;&quot;,&quot;focal_length&quot;:&quot;16&quot;,&quot;iso&quot;:&quot;100&quot;,&quot;shutter_speed&quot;:&quot;0.008&quot;,&quot;title&quot;:&quot;&quot;,&quot;orientation&quot;:&quot;1&quot;}\" data-image-title=\"DSC01166\" data-image-description=\"\" data-medium-file=\"https:\/\/buchau.be\/espagne2015\/wp-content\/uploads\/2015\/04\/DSC01166-300x168.jpg\" data-large-file=\"https:\/\/buchau.be\/espagne2015\/wp-content\/uploads\/2015\/04\/DSC01166.jpg\" src=\"https:\/\/buchau.be\/espagne2015\/wp-content\/uploads\/2015\/04\/DSC01166.jpg\" width=\"374\" height=\"210\" align=\"left\" title=\"DSC01166\" \/><\/a><\/div><\/div><\/div><div class=\"gallery-row\" style=\"width: 1135px; height: 316px;\"><div class=\"gallery-group images-1\" style=\"width: 568px; height: 320px;\"><div class=\"tiled-gallery-item tiled-gallery-item-full\"><a href=\"https:\/\/buchau.be\/espagne2015\/wp-content\/uploads\/2015\/04\/DSC01169.jpg\"><img loading=\"lazy\" decoding=\"async\" data-attachment-id=\"110\" data-orig-file=\"https:\/\/buchau.be\/espagne2015\/wp-content\/uploads\/2015\/04\/DSC01169.jpg\" data-orig-size=\"1000,561\" data-comments-opened=\"1\" data-image-meta=\"{&quot;aperture&quot;:&quot;6.3&quot;,&quot;credit&quot;:&quot;&quot;,&quot;camera&quot;:&quot;NEX-5R&quot;,&quot;caption&quot;:&quot;&quot;,&quot;created_timestamp&quot;:&quot;1428426052&quot;,&quot;copyright&quot;:&quot;&quot;,&quot;focal_length&quot;:&quot;29&quot;,&quot;iso&quot;:&quot;100&quot;,&quot;shutter_speed&quot;:&quot;0.00125&quot;,&quot;title&quot;:&quot;&quot;,&quot;orientation&quot;:&quot;1&quot;}\" data-image-title=\"DSC01169\" data-image-description=\"\" data-medium-file=\"https:\/\/buchau.be\/espagne2015\/wp-content\/uploads\/2015\/04\/DSC01169-300x168.jpg\" data-large-file=\"https:\/\/buchau.be\/espagne2015\/wp-content\/uploads\/2015\/04\/DSC01169.jpg\" src=\"https:\/\/buchau.be\/espagne2015\/wp-content\/uploads\/2015\/04\/DSC01169.jpg\" width=\"564\" height=\"316\" align=\"left\" title=\"DSC01169\" \/><\/a><\/div><\/div><div class=\"gallery-group images-1\" style=\"width: 567px; height: 320px;\"><div class=\"tiled-gallery-item tiled-gallery-item-full\"><a href=\"https:\/\/buchau.be\/espagne2015\/wp-content\/uploads\/2015\/04\/DSC01171.jpg\"><img loading=\"lazy\" decoding=\"async\" data-attachment-id=\"111\" data-orig-file=\"https:\/\/buchau.be\/espagne2015\/wp-content\/uploads\/2015\/04\/DSC01171.jpg\" data-orig-size=\"1000,561\" data-comments-opened=\"1\" data-image-meta=\"{&quot;aperture&quot;:&quot;6.3&quot;,&quot;credit&quot;:&quot;&quot;,&quot;camera&quot;:&quot;NEX-5R&quot;,&quot;caption&quot;:&quot;&quot;,&quot;created_timestamp&quot;:&quot;1428426626&quot;,&quot;copyright&quot;:&quot;&quot;,&quot;focal_length&quot;:&quot;50&quot;,&quot;iso&quot;:&quot;100&quot;,&quot;shutter_speed&quot;:&quot;0.0015625&quot;,&quot;title&quot;:&quot;&quot;,&quot;orientation&quot;:&quot;1&quot;}\" data-image-title=\"DSC01171\" data-image-description=\"\" data-medium-file=\"https:\/\/buchau.be\/espagne2015\/wp-content\/uploads\/2015\/04\/DSC01171-300x168.jpg\" data-large-file=\"https:\/\/buchau.be\/espagne2015\/wp-content\/uploads\/2015\/04\/DSC01171.jpg\" src=\"https:\/\/buchau.be\/espagne2015\/wp-content\/uploads\/2015\/04\/DSC01171.jpg\" width=\"563\" height=\"316\" align=\"left\" title=\"DSC01171\" \/><\/a><\/div><\/div><\/div><div class=\"gallery-row\" style=\"width: 1135px; height: 272px;\"><div class=\"gallery-group images-1\" style=\"width: 489px; height: 276px;\"><div class=\"tiled-gallery-item tiled-gallery-item-full\"><a href=\"https:\/\/buchau.be\/espagne2015\/wp-content\/uploads\/2015\/04\/DSC01176.jpg\"><img loading=\"lazy\" decoding=\"async\" data-attachment-id=\"112\" data-orig-file=\"https:\/\/buchau.be\/espagne2015\/wp-content\/uploads\/2015\/04\/DSC01176.jpg\" data-orig-size=\"1000,561\" data-comments-opened=\"1\" data-image-meta=\"{&quot;aperture&quot;:&quot;13&quot;,&quot;credit&quot;:&quot;&quot;,&quot;camera&quot;:&quot;NEX-5R&quot;,&quot;caption&quot;:&quot;&quot;,&quot;created_timestamp&quot;:&quot;1428426797&quot;,&quot;copyright&quot;:&quot;&quot;,&quot;focal_length&quot;:&quot;32&quot;,&quot;iso&quot;:&quot;100&quot;,&quot;shutter_speed&quot;:&quot;0.00625&quot;,&quot;title&quot;:&quot;&quot;,&quot;orientation&quot;:&quot;1&quot;}\" data-image-title=\"DSC01176\" data-image-description=\"\" data-medium-file=\"https:\/\/buchau.be\/espagne2015\/wp-content\/uploads\/2015\/04\/DSC01176-300x168.jpg\" data-large-file=\"https:\/\/buchau.be\/espagne2015\/wp-content\/uploads\/2015\/04\/DSC01176.jpg\" src=\"https:\/\/buchau.be\/espagne2015\/wp-content\/uploads\/2015\/04\/DSC01176.jpg\" width=\"485\" height=\"272\" align=\"left\" title=\"DSC01176\" \/><\/a><\/div><\/div><div class=\"gallery-group images-1\" style=\"width: 489px; height: 276px;\"><div class=\"tiled-gallery-item tiled-gallery-item-full\"><a href=\"https:\/\/buchau.be\/espagne2015\/wp-content\/uploads\/2015\/04\/DSC01178.jpg\"><img loading=\"lazy\" decoding=\"async\" data-attachment-id=\"113\" data-orig-file=\"https:\/\/buchau.be\/espagne2015\/wp-content\/uploads\/2015\/04\/DSC01178.jpg\" data-orig-size=\"1000,561\" data-comments-opened=\"1\" data-image-meta=\"{&quot;aperture&quot;:&quot;13&quot;,&quot;credit&quot;:&quot;&quot;,&quot;camera&quot;:&quot;NEX-5R&quot;,&quot;caption&quot;:&quot;&quot;,&quot;created_timestamp&quot;:&quot;1428429589&quot;,&quot;copyright&quot;:&quot;&quot;,&quot;focal_length&quot;:&quot;16&quot;,&quot;iso&quot;:&quot;100&quot;,&quot;shutter_speed&quot;:&quot;0.00625&quot;,&quot;title&quot;:&quot;&quot;,&quot;orientation&quot;:&quot;1&quot;}\" data-image-title=\"DSC01178\" data-image-description=\"\" data-medium-file=\"https:\/\/buchau.be\/espagne2015\/wp-content\/uploads\/2015\/04\/DSC01178-300x168.jpg\" data-large-file=\"https:\/\/buchau.be\/espagne2015\/wp-content\/uploads\/2015\/04\/DSC01178.jpg\" src=\"https:\/\/buchau.be\/espagne2015\/wp-content\/uploads\/2015\/04\/DSC01178.jpg\" width=\"485\" height=\"272\" align=\"left\" title=\"DSC01178\" \/><\/a><\/div><\/div><div class=\"gallery-group images-1\" style=\"width: 157px; height: 276px;\"><div class=\"tiled-gallery-item tiled-gallery-item-full\"><a href=\"https:\/\/buchau.be\/espagne2015\/wp-content\/uploads\/2015\/04\/DSC01180.jpg\"><img loading=\"lazy\" decoding=\"async\" data-attachment-id=\"114\" data-orig-file=\"https:\/\/buchau.be\/espagne2015\/wp-content\/uploads\/2015\/04\/DSC01180.jpg\" data-orig-size=\"561,1000\" data-comments-opened=\"1\" data-image-meta=\"{&quot;aperture&quot;:&quot;13&quot;,&quot;credit&quot;:&quot;&quot;,&quot;camera&quot;:&quot;NEX-5R&quot;,&quot;caption&quot;:&quot;&quot;,&quot;created_timestamp&quot;:&quot;1428431559&quot;,&quot;copyright&quot;:&quot;&quot;,&quot;focal_length&quot;:&quot;29&quot;,&quot;iso&quot;:&quot;100&quot;,&quot;shutter_speed&quot;:&quot;0.01&quot;,&quot;title&quot;:&quot;&quot;,&quot;orientation&quot;:&quot;1&quot;}\" data-image-title=\"DSC01180\" data-image-description=\"\" data-medium-file=\"https:\/\/buchau.be\/espagne2015\/wp-content\/uploads\/2015\/04\/DSC01180-168x300.jpg\" data-large-file=\"https:\/\/buchau.be\/espagne2015\/wp-content\/uploads\/2015\/04\/DSC01180.jpg\" src=\"https:\/\/buchau.be\/espagne2015\/wp-content\/uploads\/2015\/04\/DSC01180.jpg\" width=\"153\" height=\"272\" align=\"left\" title=\"DSC01180\" \/><\/a><\/div><\/div><\/div><\/div>\n<p>Il y a du soleil mais aussi beaucoup de vent et il ne fait pas encore tr\u00e8s chaud. On profite n\u00e9anmoins \u00e0 fond de ces rayons qui nous font r\u00e9ellement sentir en vacances\u2026 On profite de la plage et du soleil sur une terrasse (le <a href=\"https:\/\/www.facebook.com\/MokaiBarcelonahttp:\/\/\" target=\"_blank\"><em>Mokai<\/em><\/a>): jus de kiwi-mague-ananas pour elle et <em>cerveza grande<\/em> pour moi <img decoding=\"async\" class=\"wp-smiley\" src=\"http:\/\/buchau.be\/espagne2015\/wp-includes\/images\/smilies\/icon_wink.gif\" alt=\";-)\" \/><\/p>\n<p>En rentrant vers l\u2019h\u00f4tel, on prend notre repas \u00e0 <em><a href=\"http:\/\/www.labotigarestaurant.com\/\" target=\"_blank\">La Botiga<\/a><\/em>: vr\u00e9\u00e9\u00e9\u00e9\u00e9ment bueno!<\/p>\n<p>Un excellent d\u00e9part pour nos vacances, en somme! @ demain\u2026<\/p>\n","protected":false},"excerpt":{"rendered":"<p>Le vol SN3703 s\u2019est bien d\u00e9roul\u00e9; le pilote n\u2019a pas \u00e9t\u00e9 uriner pendant notre trajet. Nous avons atterri dans les temps et r\u00e9cup\u00e9r\u00e9 nos bagages apr\u00e8s une longue attente (note pour plus tard: ne pas atterrir en Espagne au moment de la sieste!). Un court trajet en taxi pour nous mener \u00e0 l\u2019h\u00f4tel, un court [&hellip;]<\/p>\n","protected":false},"author":1,"featured_media":0,"comment_status":"open","ping_status":"closed","sticky":false,"template":"","format":"standard","meta":{"footnotes":""},"categories":[3],"tags":[],"class_list":["post-106","post","type-post","status-publish","format-standard","hentry","category-barcelona"],"_links":{"self":[{"href":"https:\/\/buchau.be\/espagne2015\/wp-json\/wp\/v2\/posts\/106","targetHints":{"allow":["GET"]}}],"collection":[{"href":"https:\/\/buchau.be\/espagne2015\/wp-json\/wp\/v2\/posts"}],"about":[{"href":"https:\/\/buchau.be\/espagne2015\/wp-json\/wp\/v2\/types\/post"}],"author":[{"embeddable":true,"href":"https:\/\/buchau.be\/espagne2015\/wp-json\/wp\/v2\/users\/1"}],"replies":[{"embeddable":true,"href":"https:\/\/buchau.be\/espagne2015\/wp-json\/wp\/v2\/comments?post=106"}],"version-history":[{"count":1,"href":"https:\/\/buchau.be\/espagne2015\/wp-json\/wp\/v2\/posts\/106\/revisions"}],"predecessor-version":[{"id":115,"href":"https:\/\/buchau.be\/espagne2015\/wp-json\/wp\/v2\/posts\/106\/revisions\/115"}],"wp:attachment":[{"href":"https:\/\/buchau.be\/espagne2015\/wp-json\/wp\/v2\/media?parent=106"}],"wp:term":[{"taxonomy":"category","embeddable":true,"href":"https:\/\/buchau.be\/espagne2015\/wp-json\/wp\/v2\/categories?post=106"},{"taxonomy":"post_tag","embeddable":true,"href":"https:\/\/buchau.be\/espagne2015\/wp-json\/wp\/v2\/tags?post=106"}],"curies":[{"name":"wp","href":"https:\/\/api.w.org\/{rel}","templated":true}]}}