{"id":180,"date":"2015-04-10T23:10:55","date_gmt":"2015-04-10T21:10:55","guid":{"rendered":"http:\/\/buchau.be\/espagne2015\/?p=180"},"modified":"2015-04-10T23:12:20","modified_gmt":"2015-04-10T21:12:20","slug":"jour-4-guell-miro-meam-golondrinas-caixaforum","status":"publish","type":"post","link":"https:\/\/buchau.be\/espagne2015\/2015\/04\/jour-4-guell-miro-meam-golondrinas-caixaforum\/","title":{"rendered":"Jour 4: Guell, Miro, MEAM, Golondrinas, Caixaforum"},"content":{"rendered":"<p>On a bien r\u00e9cup\u00e9r\u00e9 de la veille \ud83d\ude42 Fabrice nous a crev\u00e9s!<\/p>\n<p>Nous partons vers le <em>Parc Gu\u00ebll<\/em>, esp\u00e9rant pouvoir nous faire un petit &lsquo;selfie&rsquo; avec la salamandre aux couleurs si chatoyantes&#8230; C&rsquo;\u00e9tait sans compter (justement!) que d\u00e9sormais, il faut r\u00e9server et payer une entr\u00e9e pour aller s&rsquo;asseoir sur les bancs color\u00e9s et pour poser avec le gecko :-\/ Ce n&rsquo;est pas tant l&rsquo;argent qui nous a pos\u00e9 probl\u00e8me mais bien le fait qu&rsquo;il faille patienter plus de trois heures avant de pouvoir p\u00e9n\u00e9trer l&rsquo;enceinte de la zone payante \ud83d\ude41<\/p>\n<div data-carousel-extra='{\"blog_id\":1,\"permalink\":\"https:\\\/\\\/buchau.be\\\/espagne2015\\\/2015\\\/04\\\/jour-4-guell-miro-meam-golondrinas-caixaforum\\\/\"}' class=\"tiled-gallery type-rectangular\" data-original-width=\"1140\"><div class=\"gallery-row\" style=\"width: 1135px; height: 210px;\"><div class=\"gallery-group images-1\" style=\"width: 379px; height: 214px;\"><div class=\"tiled-gallery-item tiled-gallery-item-full\"><a href=\"https:\/\/buchau.be\/espagne2015\/wp-content\/uploads\/2015\/04\/DSC01413.jpg\"><img loading=\"lazy\" decoding=\"async\" data-attachment-id=\"182\" data-orig-file=\"https:\/\/buchau.be\/espagne2015\/wp-content\/uploads\/2015\/04\/DSC01413.jpg\" data-orig-size=\"1000,561\" data-comments-opened=\"1\" data-image-meta=\"{&quot;aperture&quot;:&quot;5&quot;,&quot;credit&quot;:&quot;&quot;,&quot;camera&quot;:&quot;NEX-5R&quot;,&quot;caption&quot;:&quot;&quot;,&quot;created_timestamp&quot;:&quot;1428662838&quot;,&quot;copyright&quot;:&quot;&quot;,&quot;focal_length&quot;:&quot;31&quot;,&quot;iso&quot;:&quot;100&quot;,&quot;shutter_speed&quot;:&quot;0.0008&quot;,&quot;title&quot;:&quot;&quot;,&quot;orientation&quot;:&quot;1&quot;}\" data-image-title=\"DSC01413\" data-image-description=\"\" data-medium-file=\"https:\/\/buchau.be\/espagne2015\/wp-content\/uploads\/2015\/04\/DSC01413-300x168.jpg\" data-large-file=\"https:\/\/buchau.be\/espagne2015\/wp-content\/uploads\/2015\/04\/DSC01413.jpg\" src=\"https:\/\/buchau.be\/espagne2015\/wp-content\/uploads\/2015\/04\/DSC01413.jpg\" width=\"375\" height=\"210\" align=\"left\" title=\"DSC01413\" \/><\/a><\/div><\/div><div class=\"gallery-group images-1\" style=\"width: 378px; height: 214px;\"><div class=\"tiled-gallery-item tiled-gallery-item-full\"><a href=\"https:\/\/buchau.be\/espagne2015\/wp-content\/uploads\/2015\/04\/DSC01416.jpg\"><img loading=\"lazy\" decoding=\"async\" data-attachment-id=\"183\" data-orig-file=\"https:\/\/buchau.be\/espagne2015\/wp-content\/uploads\/2015\/04\/DSC01416.jpg\" data-orig-size=\"1000,561\" data-comments-opened=\"1\" data-image-meta=\"{&quot;aperture&quot;:&quot;5.6&quot;,&quot;credit&quot;:&quot;&quot;,&quot;camera&quot;:&quot;NEX-5R&quot;,&quot;caption&quot;:&quot;&quot;,&quot;created_timestamp&quot;:&quot;1428663448&quot;,&quot;copyright&quot;:&quot;&quot;,&quot;focal_length&quot;:&quot;50&quot;,&quot;iso&quot;:&quot;100&quot;,&quot;shutter_speed&quot;:&quot;0.0015625&quot;,&quot;title&quot;:&quot;&quot;,&quot;orientation&quot;:&quot;1&quot;}\" data-image-title=\"DSC01416\" data-image-description=\"\" data-medium-file=\"https:\/\/buchau.be\/espagne2015\/wp-content\/uploads\/2015\/04\/DSC01416-300x168.jpg\" data-large-file=\"https:\/\/buchau.be\/espagne2015\/wp-content\/uploads\/2015\/04\/DSC01416.jpg\" src=\"https:\/\/buchau.be\/espagne2015\/wp-content\/uploads\/2015\/04\/DSC01416.jpg\" width=\"374\" height=\"210\" align=\"left\" title=\"DSC01416\" \/><\/a><\/div><\/div><div class=\"gallery-group images-1\" style=\"width: 378px; height: 214px;\"><div class=\"tiled-gallery-item tiled-gallery-item-full\"><a href=\"https:\/\/buchau.be\/espagne2015\/wp-content\/uploads\/2015\/04\/DSC01418.jpg\"><img loading=\"lazy\" decoding=\"async\" data-attachment-id=\"184\" data-orig-file=\"https:\/\/buchau.be\/espagne2015\/wp-content\/uploads\/2015\/04\/DSC01418.jpg\" data-orig-size=\"1000,561\" data-comments-opened=\"1\" data-image-meta=\"{&quot;aperture&quot;:&quot;5.6&quot;,&quot;credit&quot;:&quot;&quot;,&quot;camera&quot;:&quot;NEX-5R&quot;,&quot;caption&quot;:&quot;&quot;,&quot;created_timestamp&quot;:&quot;1428663454&quot;,&quot;copyright&quot;:&quot;&quot;,&quot;focal_length&quot;:&quot;50&quot;,&quot;iso&quot;:&quot;100&quot;,&quot;shutter_speed&quot;:&quot;0.0025&quot;,&quot;title&quot;:&quot;&quot;,&quot;orientation&quot;:&quot;1&quot;}\" data-image-title=\"DSC01418\" data-image-description=\"\" data-medium-file=\"https:\/\/buchau.be\/espagne2015\/wp-content\/uploads\/2015\/04\/DSC01418-300x168.jpg\" data-large-file=\"https:\/\/buchau.be\/espagne2015\/wp-content\/uploads\/2015\/04\/DSC01418.jpg\" src=\"https:\/\/buchau.be\/espagne2015\/wp-content\/uploads\/2015\/04\/DSC01418.jpg\" width=\"374\" height=\"210\" align=\"left\" title=\"DSC01418\" \/><\/a><\/div><\/div><\/div><\/div>\n<p>Nous cheminons ensuite vers le <em>MEAM<\/em> (Mus\u00e9e Europ\u00e9en d&rsquo;Art Moderne), une maison bourgeoise contenant une collection permanente d&rsquo;artistes espagnols et catalans ainsi qu&rsquo;un \u00ab\u00a0\u00e9tage\u00a0\u00bb d&rsquo;expo temporaire: sympa mais pas totalement indispensable&#8230;<\/p>\n<div data-carousel-extra='{\"blog_id\":1,\"permalink\":\"https:\\\/\\\/buchau.be\\\/espagne2015\\\/2015\\\/04\\\/jour-4-guell-miro-meam-golondrinas-caixaforum\\\/\"}' class=\"tiled-gallery type-rectangular\" data-original-width=\"1140\"><div class=\"gallery-row\" style=\"width: 1135px; height: 323px;\"><div class=\"gallery-group images-1\" style=\"width: 186px; height: 327px;\"><div class=\"tiled-gallery-item tiled-gallery-item-full\"><a href=\"https:\/\/buchau.be\/espagne2015\/wp-content\/uploads\/2015\/04\/DSC01425-e1428700395354.jpg\"><img loading=\"lazy\" decoding=\"async\" data-attachment-id=\"185\" data-orig-file=\"https:\/\/buchau.be\/espagne2015\/wp-content\/uploads\/2015\/04\/DSC01425-e1428700395354.jpg\" data-orig-size=\"2760,4911\" data-comments-opened=\"1\" data-image-meta=\"{&quot;aperture&quot;:&quot;4&quot;,&quot;credit&quot;:&quot;&quot;,&quot;camera&quot;:&quot;NEX-5R&quot;,&quot;caption&quot;:&quot;&quot;,&quot;created_timestamp&quot;:&quot;1428668093&quot;,&quot;copyright&quot;:&quot;&quot;,&quot;focal_length&quot;:&quot;17&quot;,&quot;iso&quot;:&quot;1250&quot;,&quot;shutter_speed&quot;:&quot;0.016666666666667&quot;,&quot;title&quot;:&quot;&quot;,&quot;orientation&quot;:&quot;6&quot;}\" data-image-title=\"DSC01425\" data-image-description=\"\" data-medium-file=\"https:\/\/buchau.be\/espagne2015\/wp-content\/uploads\/2015\/04\/DSC01425-e1428700395354-169x300.jpg\" data-large-file=\"https:\/\/buchau.be\/espagne2015\/wp-content\/uploads\/2015\/04\/DSC01425-e1428700395354-575x1024.jpg\" src=\"https:\/\/buchau.be\/espagne2015\/wp-content\/uploads\/2015\/04\/DSC01425-e1428700395354.jpg\" width=\"182\" height=\"323\" align=\"left\" title=\"DSC01425\" \/><\/a><\/div><\/div><div class=\"gallery-group images-1\" style=\"width: 185px; height: 327px;\"><div class=\"tiled-gallery-item tiled-gallery-item-full\"><a href=\"https:\/\/buchau.be\/espagne2015\/wp-content\/uploads\/2015\/04\/DSC01426.jpg\"><img loading=\"lazy\" decoding=\"async\" data-attachment-id=\"186\" data-orig-file=\"https:\/\/buchau.be\/espagne2015\/wp-content\/uploads\/2015\/04\/DSC01426.jpg\" data-orig-size=\"561,1000\" data-comments-opened=\"1\" data-image-meta=\"{&quot;aperture&quot;:&quot;4&quot;,&quot;credit&quot;:&quot;&quot;,&quot;camera&quot;:&quot;NEX-5R&quot;,&quot;caption&quot;:&quot;&quot;,&quot;created_timestamp&quot;:&quot;1428668132&quot;,&quot;copyright&quot;:&quot;&quot;,&quot;focal_length&quot;:&quot;17&quot;,&quot;iso&quot;:&quot;1600&quot;,&quot;shutter_speed&quot;:&quot;0.016666666666667&quot;,&quot;title&quot;:&quot;&quot;,&quot;orientation&quot;:&quot;1&quot;}\" data-image-title=\"DSC01426\" data-image-description=\"\" data-medium-file=\"https:\/\/buchau.be\/espagne2015\/wp-content\/uploads\/2015\/04\/DSC01426-168x300.jpg\" data-large-file=\"https:\/\/buchau.be\/espagne2015\/wp-content\/uploads\/2015\/04\/DSC01426.jpg\" src=\"https:\/\/buchau.be\/espagne2015\/wp-content\/uploads\/2015\/04\/DSC01426.jpg\" width=\"181\" height=\"323\" align=\"left\" title=\"DSC01426\" \/><\/a><\/div><\/div><div class=\"gallery-group images-1\" style=\"width: 185px; height: 327px;\"><div class=\"tiled-gallery-item tiled-gallery-item-full\"><a href=\"https:\/\/buchau.be\/espagne2015\/wp-content\/uploads\/2015\/04\/DSC01429.jpg\"><img loading=\"lazy\" decoding=\"async\" data-attachment-id=\"187\" data-orig-file=\"https:\/\/buchau.be\/espagne2015\/wp-content\/uploads\/2015\/04\/DSC01429.jpg\" data-orig-size=\"561,1000\" data-comments-opened=\"1\" data-image-meta=\"{&quot;aperture&quot;:&quot;4&quot;,&quot;credit&quot;:&quot;&quot;,&quot;camera&quot;:&quot;NEX-5R&quot;,&quot;caption&quot;:&quot;&quot;,&quot;created_timestamp&quot;:&quot;1428668261&quot;,&quot;copyright&quot;:&quot;&quot;,&quot;focal_length&quot;:&quot;20&quot;,&quot;iso&quot;:&quot;1000&quot;,&quot;shutter_speed&quot;:&quot;0.016666666666667&quot;,&quot;title&quot;:&quot;&quot;,&quot;orientation&quot;:&quot;1&quot;}\" data-image-title=\"DSC01429\" data-image-description=\"\" data-medium-file=\"https:\/\/buchau.be\/espagne2015\/wp-content\/uploads\/2015\/04\/DSC01429-168x300.jpg\" data-large-file=\"https:\/\/buchau.be\/espagne2015\/wp-content\/uploads\/2015\/04\/DSC01429.jpg\" src=\"https:\/\/buchau.be\/espagne2015\/wp-content\/uploads\/2015\/04\/DSC01429.jpg\" width=\"181\" height=\"323\" align=\"left\" title=\"DSC01429\" \/><\/a><\/div><\/div><div class=\"gallery-group images-1\" style=\"width: 579px; height: 327px;\"><div class=\"tiled-gallery-item tiled-gallery-item-full\"><a href=\"https:\/\/buchau.be\/espagne2015\/wp-content\/uploads\/2015\/04\/DSC01430.jpg\"><img loading=\"lazy\" decoding=\"async\" data-attachment-id=\"188\" data-orig-file=\"https:\/\/buchau.be\/espagne2015\/wp-content\/uploads\/2015\/04\/DSC01430.jpg\" data-orig-size=\"1000,561\" data-comments-opened=\"1\" data-image-meta=\"{&quot;aperture&quot;:&quot;4&quot;,&quot;credit&quot;:&quot;&quot;,&quot;camera&quot;:&quot;NEX-5R&quot;,&quot;caption&quot;:&quot;&quot;,&quot;created_timestamp&quot;:&quot;1428668384&quot;,&quot;copyright&quot;:&quot;&quot;,&quot;focal_length&quot;:&quot;17&quot;,&quot;iso&quot;:&quot;1000&quot;,&quot;shutter_speed&quot;:&quot;0.016666666666667&quot;,&quot;title&quot;:&quot;&quot;,&quot;orientation&quot;:&quot;1&quot;}\" data-image-title=\"DSC01430\" data-image-description=\"\" data-medium-file=\"https:\/\/buchau.be\/espagne2015\/wp-content\/uploads\/2015\/04\/DSC01430-300x168.jpg\" data-large-file=\"https:\/\/buchau.be\/espagne2015\/wp-content\/uploads\/2015\/04\/DSC01430.jpg\" src=\"https:\/\/buchau.be\/espagne2015\/wp-content\/uploads\/2015\/04\/DSC01430.jpg\" width=\"575\" height=\"323\" align=\"left\" title=\"DSC01430\" \/><\/a><\/div><\/div><\/div><\/div>\n<p>Le repas pris au japonais le midi fut parfait!<\/p>\n<p>L&rsquo;apr\u00e8s-midi a d\u00e9but\u00e9 avec la visite de la <em>Fondacion Joan Miro<\/em>, \u00e0 <em>Montjuic<\/em>, sur les hauteurs de la ville. Miro n&rsquo;est pas vraiment un rigolo en fait; il utilise beaucoup la couleur brune&#8230; et on n&rsquo;aime pas trop :-\/ L&rsquo;endroit est sympa et nous fait beaucoup penser \u00e0 la <em>Fondation Maeght<\/em>; on va se renseigner sur l&rsquo;architecte&#8230;<\/p>\n<div data-carousel-extra='{\"blog_id\":1,\"permalink\":\"https:\\\/\\\/buchau.be\\\/espagne2015\\\/2015\\\/04\\\/jour-4-guell-miro-meam-golondrinas-caixaforum\\\/\"}' class=\"tiled-gallery type-rectangular\" data-original-width=\"1140\"><div class=\"gallery-row\" style=\"width: 1135px; height: 779px;\"><div class=\"gallery-group images-1\" style=\"width: 441px; height: 783px;\"><div class=\"tiled-gallery-item tiled-gallery-item-full\"><a href=\"https:\/\/buchau.be\/espagne2015\/wp-content\/uploads\/2015\/04\/DSC01432.jpg\"><img loading=\"lazy\" decoding=\"async\" data-attachment-id=\"189\" data-orig-file=\"https:\/\/buchau.be\/espagne2015\/wp-content\/uploads\/2015\/04\/DSC01432.jpg\" data-orig-size=\"561,1000\" data-comments-opened=\"1\" data-image-meta=\"{&quot;aperture&quot;:&quot;4.5&quot;,&quot;credit&quot;:&quot;&quot;,&quot;camera&quot;:&quot;NEX-5R&quot;,&quot;caption&quot;:&quot;&quot;,&quot;created_timestamp&quot;:&quot;1428676892&quot;,&quot;copyright&quot;:&quot;&quot;,&quot;focal_length&quot;:&quot;24&quot;,&quot;iso&quot;:&quot;100&quot;,&quot;shutter_speed&quot;:&quot;0.000625&quot;,&quot;title&quot;:&quot;&quot;,&quot;orientation&quot;:&quot;1&quot;}\" data-image-title=\"DSC01432\" data-image-description=\"\" data-medium-file=\"https:\/\/buchau.be\/espagne2015\/wp-content\/uploads\/2015\/04\/DSC01432-168x300.jpg\" data-large-file=\"https:\/\/buchau.be\/espagne2015\/wp-content\/uploads\/2015\/04\/DSC01432.jpg\" src=\"https:\/\/buchau.be\/espagne2015\/wp-content\/uploads\/2015\/04\/DSC01432.jpg\" width=\"437\" height=\"779\" align=\"left\" title=\"DSC01432\" \/><\/a><\/div><\/div><div class=\"gallery-group images-2\" style=\"width: 694px; height: 783px;\"><div class=\"tiled-gallery-item tiled-gallery-item-full\"><a href=\"https:\/\/buchau.be\/espagne2015\/wp-content\/uploads\/2015\/04\/DSC01433.jpg\"><img loading=\"lazy\" decoding=\"async\" data-attachment-id=\"190\" data-orig-file=\"https:\/\/buchau.be\/espagne2015\/wp-content\/uploads\/2015\/04\/DSC01433.jpg\" data-orig-size=\"4912,2760\" data-comments-opened=\"1\" data-image-meta=\"{&quot;aperture&quot;:&quot;4&quot;,&quot;credit&quot;:&quot;&quot;,&quot;camera&quot;:&quot;NEX-5R&quot;,&quot;caption&quot;:&quot;&quot;,&quot;created_timestamp&quot;:&quot;1428678436&quot;,&quot;copyright&quot;:&quot;&quot;,&quot;focal_length&quot;:&quot;17&quot;,&quot;iso&quot;:&quot;100&quot;,&quot;shutter_speed&quot;:&quot;0.0005&quot;,&quot;title&quot;:&quot;&quot;,&quot;orientation&quot;:&quot;1&quot;}\" data-image-title=\"DSC01433\" data-image-description=\"\" data-medium-file=\"https:\/\/buchau.be\/espagne2015\/wp-content\/uploads\/2015\/04\/DSC01433-300x169.jpg\" data-large-file=\"https:\/\/buchau.be\/espagne2015\/wp-content\/uploads\/2015\/04\/DSC01433-1024x575.jpg\" src=\"https:\/\/buchau.be\/espagne2015\/wp-content\/uploads\/2015\/04\/DSC01433.jpg\" width=\"690\" height=\"388\" align=\"left\" title=\"DSC01433\" \/><\/a><\/div><div class=\"tiled-gallery-item tiled-gallery-item-full\"><a href=\"https:\/\/buchau.be\/espagne2015\/wp-content\/uploads\/2015\/04\/DSC01434.jpg\"><img loading=\"lazy\" decoding=\"async\" data-attachment-id=\"191\" data-orig-file=\"https:\/\/buchau.be\/espagne2015\/wp-content\/uploads\/2015\/04\/DSC01434.jpg\" data-orig-size=\"1000,561\" data-comments-opened=\"1\" data-image-meta=\"{&quot;aperture&quot;:&quot;3.5&quot;,&quot;credit&quot;:&quot;&quot;,&quot;camera&quot;:&quot;NEX-5R&quot;,&quot;caption&quot;:&quot;&quot;,&quot;created_timestamp&quot;:&quot;1428678585&quot;,&quot;copyright&quot;:&quot;&quot;,&quot;focal_length&quot;:&quot;16&quot;,&quot;iso&quot;:&quot;100&quot;,&quot;shutter_speed&quot;:&quot;0.0008&quot;,&quot;title&quot;:&quot;&quot;,&quot;orientation&quot;:&quot;1&quot;}\" data-image-title=\"DSC01434\" data-image-description=\"\" data-medium-file=\"https:\/\/buchau.be\/espagne2015\/wp-content\/uploads\/2015\/04\/DSC01434-300x168.jpg\" data-large-file=\"https:\/\/buchau.be\/espagne2015\/wp-content\/uploads\/2015\/04\/DSC01434.jpg\" src=\"https:\/\/buchau.be\/espagne2015\/wp-content\/uploads\/2015\/04\/DSC01434.jpg\" width=\"690\" height=\"387\" align=\"left\" title=\"DSC01434\" \/><\/a><\/div><\/div><\/div><\/div>\n<p>Juste \u00e0 c\u00f4t\u00e9 (ou presque), il y a le <em>CaixaForum<\/em>, un espace d&rsquo;exposition priv\u00e9 (une banque) dans lequel il y a des expos temporaires: une sur <em>Pixar<\/em> (bof!), une sur l&rsquo;art p\u00e9ruvien (genre pr\u00e9-colombien; re-bof!) et une qui pr\u00e9sente des \u0153uvres d&rsquo;artistes autistes (celle-l\u00e0 nous a bien plu!). En plus, l&rsquo;endroit vaut le d\u00e9placement rien que pour lui-m\u00eame (c&rsquo;est fran\u00e7ais, \u00e7a?)&#8230;<\/p>\n<div data-carousel-extra='{\"blog_id\":1,\"permalink\":\"https:\\\/\\\/buchau.be\\\/espagne2015\\\/2015\\\/04\\\/jour-4-guell-miro-meam-golondrinas-caixaforum\\\/\"}' class=\"tiled-gallery type-rectangular\" data-original-width=\"1140\"><div class=\"gallery-row\" style=\"width: 1135px; height: 316px;\"><div class=\"gallery-group images-1\" style=\"width: 568px; height: 320px;\"><div class=\"tiled-gallery-item tiled-gallery-item-full\"><a href=\"https:\/\/buchau.be\/espagne2015\/wp-content\/uploads\/2015\/04\/DSC01439.jpg\"><img loading=\"lazy\" decoding=\"async\" data-attachment-id=\"193\" data-orig-file=\"https:\/\/buchau.be\/espagne2015\/wp-content\/uploads\/2015\/04\/DSC01439.jpg\" data-orig-size=\"1000,561\" data-comments-opened=\"1\" data-image-meta=\"{&quot;aperture&quot;:&quot;18&quot;,&quot;credit&quot;:&quot;&quot;,&quot;camera&quot;:&quot;NEX-5R&quot;,&quot;caption&quot;:&quot;&quot;,&quot;created_timestamp&quot;:&quot;1428680457&quot;,&quot;copyright&quot;:&quot;&quot;,&quot;focal_length&quot;:&quot;21&quot;,&quot;iso&quot;:&quot;100&quot;,&quot;shutter_speed&quot;:&quot;0.0125&quot;,&quot;title&quot;:&quot;&quot;,&quot;orientation&quot;:&quot;1&quot;}\" data-image-title=\"DSC01439\" data-image-description=\"\" data-medium-file=\"https:\/\/buchau.be\/espagne2015\/wp-content\/uploads\/2015\/04\/DSC01439-300x168.jpg\" data-large-file=\"https:\/\/buchau.be\/espagne2015\/wp-content\/uploads\/2015\/04\/DSC01439.jpg\" src=\"https:\/\/buchau.be\/espagne2015\/wp-content\/uploads\/2015\/04\/DSC01439.jpg\" width=\"564\" height=\"316\" align=\"left\" title=\"DSC01439\" \/><\/a><\/div><\/div><div class=\"gallery-group images-1\" style=\"width: 567px; height: 320px;\"><div class=\"tiled-gallery-item tiled-gallery-item-full\"><a href=\"https:\/\/buchau.be\/espagne2015\/wp-content\/uploads\/2015\/04\/DSC01438.jpg\"><img loading=\"lazy\" decoding=\"async\" data-attachment-id=\"192\" data-orig-file=\"https:\/\/buchau.be\/espagne2015\/wp-content\/uploads\/2015\/04\/DSC01438.jpg\" data-orig-size=\"1000,561\" data-comments-opened=\"1\" data-image-meta=\"{&quot;aperture&quot;:&quot;18&quot;,&quot;credit&quot;:&quot;&quot;,&quot;camera&quot;:&quot;NEX-5R&quot;,&quot;caption&quot;:&quot;&quot;,&quot;created_timestamp&quot;:&quot;1428680445&quot;,&quot;copyright&quot;:&quot;&quot;,&quot;focal_length&quot;:&quot;16&quot;,&quot;iso&quot;:&quot;100&quot;,&quot;shutter_speed&quot;:&quot;0.0125&quot;,&quot;title&quot;:&quot;&quot;,&quot;orientation&quot;:&quot;1&quot;}\" data-image-title=\"DSC01438\" data-image-description=\"\" data-medium-file=\"https:\/\/buchau.be\/espagne2015\/wp-content\/uploads\/2015\/04\/DSC01438-300x168.jpg\" data-large-file=\"https:\/\/buchau.be\/espagne2015\/wp-content\/uploads\/2015\/04\/DSC01438.jpg\" src=\"https:\/\/buchau.be\/espagne2015\/wp-content\/uploads\/2015\/04\/DSC01438.jpg\" width=\"563\" height=\"316\" align=\"left\" title=\"DSC01438\" \/><\/a><\/div><\/div><\/div><\/div>\n<p>On arrive juste \u00e0 temps pour le tour du <em>port de Barcelone<\/em> en bateau&#8230;<\/p>\n<div data-carousel-extra='{\"blog_id\":1,\"permalink\":\"https:\\\/\\\/buchau.be\\\/espagne2015\\\/2015\\\/04\\\/jour-4-guell-miro-meam-golondrinas-caixaforum\\\/\"}' class=\"tiled-gallery type-rectangular\" data-original-width=\"1140\"><div class=\"gallery-row\" style=\"width: 1135px; height: 210px;\"><div class=\"gallery-group images-1\" style=\"width: 378px; height: 214px;\"><div class=\"tiled-gallery-item tiled-gallery-item-full\"><a href=\"https:\/\/buchau.be\/espagne2015\/wp-content\/uploads\/2015\/04\/DSC01443.jpg\"><img loading=\"lazy\" decoding=\"async\" data-attachment-id=\"194\" data-orig-file=\"https:\/\/buchau.be\/espagne2015\/wp-content\/uploads\/2015\/04\/DSC01443.jpg\" data-orig-size=\"4912,2760\" data-comments-opened=\"1\" data-image-meta=\"{&quot;aperture&quot;:&quot;18&quot;,&quot;credit&quot;:&quot;&quot;,&quot;camera&quot;:&quot;NEX-5R&quot;,&quot;caption&quot;:&quot;&quot;,&quot;created_timestamp&quot;:&quot;1428683714&quot;,&quot;copyright&quot;:&quot;&quot;,&quot;focal_length&quot;:&quot;22&quot;,&quot;iso&quot;:&quot;100&quot;,&quot;shutter_speed&quot;:&quot;0.016666666666667&quot;,&quot;title&quot;:&quot;&quot;,&quot;orientation&quot;:&quot;1&quot;}\" data-image-title=\"DSC01443\" data-image-description=\"\" data-medium-file=\"https:\/\/buchau.be\/espagne2015\/wp-content\/uploads\/2015\/04\/DSC01443-300x169.jpg\" data-large-file=\"https:\/\/buchau.be\/espagne2015\/wp-content\/uploads\/2015\/04\/DSC01443-1024x575.jpg\" src=\"https:\/\/buchau.be\/espagne2015\/wp-content\/uploads\/2015\/04\/DSC01443.jpg\" width=\"374\" height=\"210\" align=\"left\" title=\"DSC01443\" \/><\/a><\/div><\/div><div class=\"gallery-group images-1\" style=\"width: 379px; height: 214px;\"><div class=\"tiled-gallery-item tiled-gallery-item-full\"><a href=\"https:\/\/buchau.be\/espagne2015\/wp-content\/uploads\/2015\/04\/DSC01445.jpg\"><img loading=\"lazy\" decoding=\"async\" data-attachment-id=\"195\" data-orig-file=\"https:\/\/buchau.be\/espagne2015\/wp-content\/uploads\/2015\/04\/DSC01445.jpg\" data-orig-size=\"1000,561\" data-comments-opened=\"1\" data-image-meta=\"{&quot;aperture&quot;:&quot;18&quot;,&quot;credit&quot;:&quot;&quot;,&quot;camera&quot;:&quot;NEX-5R&quot;,&quot;caption&quot;:&quot;&quot;,&quot;created_timestamp&quot;:&quot;1428684287&quot;,&quot;copyright&quot;:&quot;&quot;,&quot;focal_length&quot;:&quot;44&quot;,&quot;iso&quot;:&quot;100&quot;,&quot;shutter_speed&quot;:&quot;0.0125&quot;,&quot;title&quot;:&quot;&quot;,&quot;orientation&quot;:&quot;1&quot;}\" data-image-title=\"DSC01445\" data-image-description=\"\" data-medium-file=\"https:\/\/buchau.be\/espagne2015\/wp-content\/uploads\/2015\/04\/DSC01445-300x168.jpg\" data-large-file=\"https:\/\/buchau.be\/espagne2015\/wp-content\/uploads\/2015\/04\/DSC01445.jpg\" src=\"https:\/\/buchau.be\/espagne2015\/wp-content\/uploads\/2015\/04\/DSC01445.jpg\" width=\"375\" height=\"210\" align=\"left\" title=\"DSC01445\" \/><\/a><\/div><\/div><div class=\"gallery-group images-1\" style=\"width: 378px; height: 214px;\"><div class=\"tiled-gallery-item tiled-gallery-item-full\"><a href=\"https:\/\/buchau.be\/espagne2015\/wp-content\/uploads\/2015\/04\/DSC01446.jpg\"><img loading=\"lazy\" decoding=\"async\" data-attachment-id=\"196\" data-orig-file=\"https:\/\/buchau.be\/espagne2015\/wp-content\/uploads\/2015\/04\/DSC01446.jpg\" data-orig-size=\"1000,561\" data-comments-opened=\"1\" data-image-meta=\"{&quot;aperture&quot;:&quot;20&quot;,&quot;credit&quot;:&quot;&quot;,&quot;camera&quot;:&quot;NEX-5R&quot;,&quot;caption&quot;:&quot;&quot;,&quot;created_timestamp&quot;:&quot;1428684315&quot;,&quot;copyright&quot;:&quot;&quot;,&quot;focal_length&quot;:&quot;49&quot;,&quot;iso&quot;:&quot;250&quot;,&quot;shutter_speed&quot;:&quot;0.0125&quot;,&quot;title&quot;:&quot;&quot;,&quot;orientation&quot;:&quot;1&quot;}\" data-image-title=\"DSC01446\" data-image-description=\"\" data-medium-file=\"https:\/\/buchau.be\/espagne2015\/wp-content\/uploads\/2015\/04\/DSC01446-300x168.jpg\" data-large-file=\"https:\/\/buchau.be\/espagne2015\/wp-content\/uploads\/2015\/04\/DSC01446.jpg\" src=\"https:\/\/buchau.be\/espagne2015\/wp-content\/uploads\/2015\/04\/DSC01446.jpg\" width=\"374\" height=\"210\" align=\"left\" title=\"DSC01446\" \/><\/a><\/div><\/div><\/div><div class=\"gallery-row\" style=\"width: 1135px; height: 316px;\"><div class=\"gallery-group images-1\" style=\"width: 568px; height: 320px;\"><div class=\"tiled-gallery-item tiled-gallery-item-full\"><a href=\"https:\/\/buchau.be\/espagne2015\/wp-content\/uploads\/2015\/04\/DSC01451.jpg\"><img loading=\"lazy\" decoding=\"async\" data-attachment-id=\"197\" data-orig-file=\"https:\/\/buchau.be\/espagne2015\/wp-content\/uploads\/2015\/04\/DSC01451.jpg\" data-orig-size=\"1000,561\" data-comments-opened=\"1\" data-image-meta=\"{&quot;aperture&quot;:&quot;20&quot;,&quot;credit&quot;:&quot;&quot;,&quot;camera&quot;:&quot;NEX-5R&quot;,&quot;caption&quot;:&quot;&quot;,&quot;created_timestamp&quot;:&quot;1428684449&quot;,&quot;copyright&quot;:&quot;&quot;,&quot;focal_length&quot;:&quot;16&quot;,&quot;iso&quot;:&quot;100&quot;,&quot;shutter_speed&quot;:&quot;0.016666666666667&quot;,&quot;title&quot;:&quot;&quot;,&quot;orientation&quot;:&quot;1&quot;}\" data-image-title=\"DSC01451\" data-image-description=\"\" data-medium-file=\"https:\/\/buchau.be\/espagne2015\/wp-content\/uploads\/2015\/04\/DSC01451-300x168.jpg\" data-large-file=\"https:\/\/buchau.be\/espagne2015\/wp-content\/uploads\/2015\/04\/DSC01451.jpg\" src=\"https:\/\/buchau.be\/espagne2015\/wp-content\/uploads\/2015\/04\/DSC01451.jpg\" width=\"564\" height=\"316\" align=\"left\" title=\"DSC01451\" \/><\/a><\/div><\/div><div class=\"gallery-group images-1\" style=\"width: 567px; height: 320px;\"><div class=\"tiled-gallery-item tiled-gallery-item-full\"><a href=\"https:\/\/buchau.be\/espagne2015\/wp-content\/uploads\/2015\/04\/DSC01452.jpg\"><img loading=\"lazy\" decoding=\"async\" data-attachment-id=\"198\" data-orig-file=\"https:\/\/buchau.be\/espagne2015\/wp-content\/uploads\/2015\/04\/DSC01452.jpg\" data-orig-size=\"1000,561\" data-comments-opened=\"1\" data-image-meta=\"{&quot;aperture&quot;:&quot;20&quot;,&quot;credit&quot;:&quot;&quot;,&quot;camera&quot;:&quot;NEX-5R&quot;,&quot;caption&quot;:&quot;&quot;,&quot;created_timestamp&quot;:&quot;1428685617&quot;,&quot;copyright&quot;:&quot;&quot;,&quot;focal_length&quot;:&quot;16&quot;,&quot;iso&quot;:&quot;125&quot;,&quot;shutter_speed&quot;:&quot;0.016666666666667&quot;,&quot;title&quot;:&quot;&quot;,&quot;orientation&quot;:&quot;1&quot;}\" data-image-title=\"DSC01452\" data-image-description=\"\" data-medium-file=\"https:\/\/buchau.be\/espagne2015\/wp-content\/uploads\/2015\/04\/DSC01452-300x168.jpg\" data-large-file=\"https:\/\/buchau.be\/espagne2015\/wp-content\/uploads\/2015\/04\/DSC01452.jpg\" src=\"https:\/\/buchau.be\/espagne2015\/wp-content\/uploads\/2015\/04\/DSC01452.jpg\" width=\"563\" height=\"316\" align=\"left\" title=\"DSC01452\" \/><\/a><\/div><\/div><\/div><div class=\"gallery-row\" style=\"width: 1135px; height: 316px;\"><div class=\"gallery-group images-1\" style=\"width: 568px; height: 320px;\"><div class=\"tiled-gallery-item tiled-gallery-item-full\"><a href=\"https:\/\/buchau.be\/espagne2015\/wp-content\/uploads\/2015\/04\/DSC01454.jpg\"><img loading=\"lazy\" decoding=\"async\" data-attachment-id=\"199\" data-orig-file=\"https:\/\/buchau.be\/espagne2015\/wp-content\/uploads\/2015\/04\/DSC01454.jpg\" data-orig-size=\"1000,561\" data-comments-opened=\"1\" data-image-meta=\"{&quot;aperture&quot;:&quot;22&quot;,&quot;credit&quot;:&quot;&quot;,&quot;camera&quot;:&quot;NEX-5R&quot;,&quot;caption&quot;:&quot;&quot;,&quot;created_timestamp&quot;:&quot;1428685707&quot;,&quot;copyright&quot;:&quot;&quot;,&quot;focal_length&quot;:&quot;50&quot;,&quot;iso&quot;:&quot;125&quot;,&quot;shutter_speed&quot;:&quot;0.0125&quot;,&quot;title&quot;:&quot;&quot;,&quot;orientation&quot;:&quot;1&quot;}\" data-image-title=\"DSC01454\" data-image-description=\"\" data-medium-file=\"https:\/\/buchau.be\/espagne2015\/wp-content\/uploads\/2015\/04\/DSC01454-300x168.jpg\" data-large-file=\"https:\/\/buchau.be\/espagne2015\/wp-content\/uploads\/2015\/04\/DSC01454.jpg\" src=\"https:\/\/buchau.be\/espagne2015\/wp-content\/uploads\/2015\/04\/DSC01454.jpg\" width=\"564\" height=\"316\" align=\"left\" title=\"DSC01454\" \/><\/a><\/div><\/div><div class=\"gallery-group images-1\" style=\"width: 567px; height: 320px;\"><div class=\"tiled-gallery-item tiled-gallery-item-full\"><a href=\"https:\/\/buchau.be\/espagne2015\/wp-content\/uploads\/2015\/04\/DSC01459.jpg\"><img loading=\"lazy\" decoding=\"async\" data-attachment-id=\"200\" data-orig-file=\"https:\/\/buchau.be\/espagne2015\/wp-content\/uploads\/2015\/04\/DSC01459.jpg\" data-orig-size=\"1000,561\" data-comments-opened=\"1\" data-image-meta=\"{&quot;aperture&quot;:&quot;6.3&quot;,&quot;credit&quot;:&quot;&quot;,&quot;camera&quot;:&quot;NEX-5R&quot;,&quot;caption&quot;:&quot;&quot;,&quot;created_timestamp&quot;:&quot;1428686079&quot;,&quot;copyright&quot;:&quot;&quot;,&quot;focal_length&quot;:&quot;16&quot;,&quot;iso&quot;:&quot;100&quot;,&quot;shutter_speed&quot;:&quot;0.0025&quot;,&quot;title&quot;:&quot;&quot;,&quot;orientation&quot;:&quot;1&quot;}\" data-image-title=\"DSC01459\" data-image-description=\"\" data-medium-file=\"https:\/\/buchau.be\/espagne2015\/wp-content\/uploads\/2015\/04\/DSC01459-300x168.jpg\" data-large-file=\"https:\/\/buchau.be\/espagne2015\/wp-content\/uploads\/2015\/04\/DSC01459.jpg\" src=\"https:\/\/buchau.be\/espagne2015\/wp-content\/uploads\/2015\/04\/DSC01459.jpg\" width=\"563\" height=\"316\" align=\"left\" title=\"DSC01459\" \/><\/a><\/div><\/div><\/div><\/div>\n<p>On se regarde un petit \u00e9pisode (le n\u00b03) d&rsquo;<em>Olive Kitteridge<\/em>; on vous recommande chaudement cette mini-s\u00e9rie (4 \u00e9pisodes) puis on va manger&#8230; Il est 21:15&#8230; on se met \u00e0 l&rsquo;heure locale&#8230; quoi que&#8230; non, en fait! les gens arrivent en masse au resto quand nous le quittons, soit vers 22:15 :-\/<\/p>\n<p>Ceci cl\u00f4ture donc notre s\u00e9jour \u00e0 Barcelone. Demain, nous nous envolons vers Madrid&#8230;<\/p>\n","protected":false},"excerpt":{"rendered":"<p>On a bien r\u00e9cup\u00e9r\u00e9 de la veille \ud83d\ude42 Fabrice nous a crev\u00e9s! Nous partons vers le Parc Gu\u00ebll, esp\u00e9rant pouvoir nous faire un petit &lsquo;selfie&rsquo; avec la salamandre aux couleurs si chatoyantes&#8230; C&rsquo;\u00e9tait sans compter (justement!) que d\u00e9sormais, il faut r\u00e9server et payer une entr\u00e9e pour aller s&rsquo;asseoir sur les bancs color\u00e9s et pour poser [&hellip;]<\/p>\n","protected":false},"author":1,"featured_media":0,"comment_status":"open","ping_status":"closed","sticky":false,"template":"","format":"standard","meta":{"footnotes":""},"categories":[3],"tags":[],"class_list":["post-180","post","type-post","status-publish","format-standard","hentry","category-barcelona"],"_links":{"self":[{"href":"https:\/\/buchau.be\/espagne2015\/wp-json\/wp\/v2\/posts\/180","targetHints":{"allow":["GET"]}}],"collection":[{"href":"https:\/\/buchau.be\/espagne2015\/wp-json\/wp\/v2\/posts"}],"about":[{"href":"https:\/\/buchau.be\/espagne2015\/wp-json\/wp\/v2\/types\/post"}],"author":[{"embeddable":true,"href":"https:\/\/buchau.be\/espagne2015\/wp-json\/wp\/v2\/users\/1"}],"replies":[{"embeddable":true,"href":"https:\/\/buchau.be\/espagne2015\/wp-json\/wp\/v2\/comments?post=180"}],"version-history":[{"count":2,"href":"https:\/\/buchau.be\/espagne2015\/wp-json\/wp\/v2\/posts\/180\/revisions"}],"predecessor-version":[{"id":201,"href":"https:\/\/buchau.be\/espagne2015\/wp-json\/wp\/v2\/posts\/180\/revisions\/201"}],"wp:attachment":[{"href":"https:\/\/buchau.be\/espagne2015\/wp-json\/wp\/v2\/media?parent=180"}],"wp:term":[{"taxonomy":"category","embeddable":true,"href":"https:\/\/buchau.be\/espagne2015\/wp-json\/wp\/v2\/categories?post=180"},{"taxonomy":"post_tag","embeddable":true,"href":"https:\/\/buchau.be\/espagne2015\/wp-json\/wp\/v2\/tags?post=180"}],"curies":[{"name":"wp","href":"https:\/\/api.w.org\/{rel}","templated":true}]}}