{"id":232,"date":"2015-04-13T21:32:33","date_gmt":"2015-04-13T19:32:33","guid":{"rendered":"http:\/\/buchau.be\/espagne2015\/?p=232"},"modified":"2015-04-13T22:09:30","modified_gmt":"2015-04-13T20:09:30","slug":"jour-7-prado-jardin-botanico-caixaforum-et-reina-sofia","status":"publish","type":"post","link":"https:\/\/buchau.be\/espagne2015\/2015\/04\/jour-7-prado-jardin-botanico-caixaforum-et-reina-sofia\/","title":{"rendered":"Jour 7: Prado, Jardin Botanico, CaixaForum et Reina Sofia"},"content":{"rendered":"<p>On voulait aussi faire le <em>Thyssen<\/em> mais c&rsquo;\u00e9tait ferm\u00e9 \u00e0 16:00 :-\/ On ira demain&#8230;<\/p>\n<p>Journ\u00e9e mus\u00e9es bien charg\u00e9e: on commence avec le Louvres madril\u00e8ne: le <em>Museo del Prado<\/em>. Beaucoup de peintres locaux, peu de sculptures&#8230; Nous \u00e9tions un peu d\u00e9ception par rapport \u00e0 l&rsquo;image que nous nous en faisions. De plus, ne poss\u00e9dant pas les codes et les r\u00e9f\u00e9rences utiles \u00e0 la compr\u00e9hension des \u0153uvres des artistes espagnols, la rencontre ne s&rsquo;est pas faite.<\/p>\n<p><a href=\"http:\/\/buchau.be\/espagne2015\/wp-content\/uploads\/2015\/04\/DSC01499.jpg\"><img loading=\"lazy\" decoding=\"async\" class=\"aligncenter size-medium wp-image-233\" src=\"http:\/\/buchau.be\/espagne2015\/wp-content\/uploads\/2015\/04\/DSC01499-300x168.jpg\" alt=\"DSC01499\" width=\"300\" height=\"168\" srcset=\"https:\/\/buchau.be\/espagne2015\/wp-content\/uploads\/2015\/04\/DSC01499-300x168.jpg 300w, https:\/\/buchau.be\/espagne2015\/wp-content\/uploads\/2015\/04\/DSC01499.jpg 1000w\" sizes=\"auto, (max-width: 300px) 100vw, 300px\" \/><\/a><\/p>\n<p>On continue avec, juste \u00e0 c\u00f4t\u00e9, le <em>Jardin botanique<\/em>. Les parterres sont d\u00e9j\u00e0 bien fleuris sous cette latitude&#8230;<\/p>\n<div data-carousel-extra='{\"blog_id\":1,\"permalink\":\"https:\\\/\\\/buchau.be\\\/espagne2015\\\/2015\\\/04\\\/jour-7-prado-jardin-botanico-caixaforum-et-reina-sofia\\\/\"}' class=\"tiled-gallery type-rectangular\" data-original-width=\"1140\"><div class=\"gallery-row\" style=\"width: 1135px; height: 210px;\"><div class=\"gallery-group images-1\" style=\"width: 379px; height: 214px;\"><div class=\"tiled-gallery-item tiled-gallery-item-full\"><a href=\"https:\/\/buchau.be\/espagne2015\/wp-content\/uploads\/2015\/04\/DSC01508.jpg\"><img loading=\"lazy\" decoding=\"async\" data-attachment-id=\"236\" data-orig-file=\"https:\/\/buchau.be\/espagne2015\/wp-content\/uploads\/2015\/04\/DSC01508.jpg\" data-orig-size=\"1000,561\" data-comments-opened=\"1\" data-image-meta=\"{&quot;aperture&quot;:&quot;9&quot;,&quot;credit&quot;:&quot;&quot;,&quot;camera&quot;:&quot;NEX-5R&quot;,&quot;caption&quot;:&quot;&quot;,&quot;created_timestamp&quot;:&quot;1428931051&quot;,&quot;copyright&quot;:&quot;&quot;,&quot;focal_length&quot;:&quot;20&quot;,&quot;iso&quot;:&quot;100&quot;,&quot;shutter_speed&quot;:&quot;0.008&quot;,&quot;title&quot;:&quot;&quot;,&quot;orientation&quot;:&quot;1&quot;}\" data-image-title=\"DSC01508\" data-image-description=\"\" data-medium-file=\"https:\/\/buchau.be\/espagne2015\/wp-content\/uploads\/2015\/04\/DSC01508-300x168.jpg\" data-large-file=\"https:\/\/buchau.be\/espagne2015\/wp-content\/uploads\/2015\/04\/DSC01508.jpg\" src=\"https:\/\/buchau.be\/espagne2015\/wp-content\/uploads\/2015\/04\/DSC01508.jpg\" width=\"375\" height=\"210\" align=\"left\" title=\"DSC01508\" \/><\/a><\/div><\/div><div class=\"gallery-group images-1\" style=\"width: 378px; height: 214px;\"><div class=\"tiled-gallery-item tiled-gallery-item-full\"><a href=\"https:\/\/buchau.be\/espagne2015\/wp-content\/uploads\/2015\/04\/DSC01506.jpg\"><img loading=\"lazy\" decoding=\"async\" data-attachment-id=\"234\" data-orig-file=\"https:\/\/buchau.be\/espagne2015\/wp-content\/uploads\/2015\/04\/DSC01506.jpg\" data-orig-size=\"1000,561\" data-comments-opened=\"1\" data-image-meta=\"{&quot;aperture&quot;:&quot;9&quot;,&quot;credit&quot;:&quot;&quot;,&quot;camera&quot;:&quot;NEX-5R&quot;,&quot;caption&quot;:&quot;&quot;,&quot;created_timestamp&quot;:&quot;1428929674&quot;,&quot;copyright&quot;:&quot;&quot;,&quot;focal_length&quot;:&quot;37&quot;,&quot;iso&quot;:&quot;100&quot;,&quot;shutter_speed&quot;:&quot;0.0125&quot;,&quot;title&quot;:&quot;&quot;,&quot;orientation&quot;:&quot;1&quot;}\" data-image-title=\"DSC01506\" data-image-description=\"\" data-medium-file=\"https:\/\/buchau.be\/espagne2015\/wp-content\/uploads\/2015\/04\/DSC01506-300x168.jpg\" data-large-file=\"https:\/\/buchau.be\/espagne2015\/wp-content\/uploads\/2015\/04\/DSC01506.jpg\" src=\"https:\/\/buchau.be\/espagne2015\/wp-content\/uploads\/2015\/04\/DSC01506.jpg\" width=\"374\" height=\"210\" align=\"left\" title=\"DSC01506\" \/><\/a><\/div><\/div><div class=\"gallery-group images-1\" style=\"width: 378px; height: 214px;\"><div class=\"tiled-gallery-item tiled-gallery-item-full\"><a href=\"https:\/\/buchau.be\/espagne2015\/wp-content\/uploads\/2015\/04\/DSC01507.jpg\"><img loading=\"lazy\" decoding=\"async\" data-attachment-id=\"235\" data-orig-file=\"https:\/\/buchau.be\/espagne2015\/wp-content\/uploads\/2015\/04\/DSC01507.jpg\" data-orig-size=\"1000,561\" data-comments-opened=\"1\" data-image-meta=\"{&quot;aperture&quot;:&quot;9&quot;,&quot;credit&quot;:&quot;&quot;,&quot;camera&quot;:&quot;NEX-5R&quot;,&quot;caption&quot;:&quot;&quot;,&quot;created_timestamp&quot;:&quot;1428930311&quot;,&quot;copyright&quot;:&quot;&quot;,&quot;focal_length&quot;:&quot;16&quot;,&quot;iso&quot;:&quot;100&quot;,&quot;shutter_speed&quot;:&quot;0.01&quot;,&quot;title&quot;:&quot;&quot;,&quot;orientation&quot;:&quot;1&quot;}\" data-image-title=\"DSC01507\" data-image-description=\"\" data-medium-file=\"https:\/\/buchau.be\/espagne2015\/wp-content\/uploads\/2015\/04\/DSC01507-300x168.jpg\" data-large-file=\"https:\/\/buchau.be\/espagne2015\/wp-content\/uploads\/2015\/04\/DSC01507.jpg\" src=\"https:\/\/buchau.be\/espagne2015\/wp-content\/uploads\/2015\/04\/DSC01507.jpg\" width=\"374\" height=\"210\" align=\"left\" title=\"DSC01507\" \/><\/a><\/div><\/div><\/div><\/div>\n<p>Un peu plus loin sur la m\u00eame avenue se trouve le <em>CaixaForum<\/em>, un espace priv\u00e9 (banque) d&rsquo;expositions temporaires. Celles d&rsquo;aujourd&rsquo;hui: des photos de presse (tof!) et des repr\u00e9sentations d&rsquo;animaux, sous diverses formes, d&rsquo;animaux sous l\u2019<em>\u00c9gypte ancienne<\/em> (un peu moins tof!). Rien que l&rsquo;endroit vaut (d&rsquo;apr\u00e8s nous) le d\u00e9placement. La fa\u00e7ade de l&rsquo;\u00e9difice semble \u00ab\u00a0flotter\u00a0\u00bb au-dessus du sol.<\/p>\n<div data-carousel-extra='{\"blog_id\":1,\"permalink\":\"https:\\\/\\\/buchau.be\\\/espagne2015\\\/2015\\\/04\\\/jour-7-prado-jardin-botanico-caixaforum-et-reina-sofia\\\/\"}' class=\"tiled-gallery type-rectangular\" data-original-width=\"1140\"><div class=\"gallery-row\" style=\"width: 1135px; height: 980px;\"><div class=\"gallery-group images-1\" style=\"width: 554px; height: 984px;\"><div class=\"tiled-gallery-item tiled-gallery-item-full\"><a href=\"https:\/\/buchau.be\/espagne2015\/2015\/04\/jour-7-prado-jardin-botanico-caixaforum-et-reina-sofia\/dsc01521\/\"><img loading=\"lazy\" decoding=\"async\" data-attachment-id=\"241\" data-orig-file=\"https:\/\/buchau.be\/espagne2015\/wp-content\/uploads\/2015\/04\/DSC01521.jpg\" data-orig-size=\"561,1000\" data-comments-opened=\"1\" data-image-meta=\"{&quot;aperture&quot;:&quot;3.5&quot;,&quot;credit&quot;:&quot;&quot;,&quot;camera&quot;:&quot;NEX-5R&quot;,&quot;caption&quot;:&quot;&quot;,&quot;created_timestamp&quot;:&quot;1428940758&quot;,&quot;copyright&quot;:&quot;&quot;,&quot;focal_length&quot;:&quot;16&quot;,&quot;iso&quot;:&quot;100&quot;,&quot;shutter_speed&quot;:&quot;0.003125&quot;,&quot;title&quot;:&quot;&quot;,&quot;orientation&quot;:&quot;1&quot;}\" data-image-title=\"DSC01521\" data-image-description=\"\" data-medium-file=\"https:\/\/buchau.be\/espagne2015\/wp-content\/uploads\/2015\/04\/DSC01521-168x300.jpg\" data-large-file=\"https:\/\/buchau.be\/espagne2015\/wp-content\/uploads\/2015\/04\/DSC01521.jpg\" src=\"https:\/\/buchau.be\/espagne2015\/wp-content\/uploads\/2015\/04\/DSC01521.jpg\" width=\"550\" height=\"980\" align=\"left\" title=\"DSC01521\" \/><\/a><\/div><\/div><div class=\"gallery-group images-3\" style=\"width: 581px; height: 984px;\"><div class=\"tiled-gallery-item tiled-gallery-item-full\"><a href=\"https:\/\/buchau.be\/espagne2015\/2015\/04\/jour-7-prado-jardin-botanico-caixaforum-et-reina-sofia\/dsc01510\/\"><img loading=\"lazy\" decoding=\"async\" data-attachment-id=\"237\" data-orig-file=\"https:\/\/buchau.be\/espagne2015\/wp-content\/uploads\/2015\/04\/DSC01510.jpg\" data-orig-size=\"1000,561\" data-comments-opened=\"1\" data-image-meta=\"{&quot;aperture&quot;:&quot;9&quot;,&quot;credit&quot;:&quot;&quot;,&quot;camera&quot;:&quot;NEX-5R&quot;,&quot;caption&quot;:&quot;&quot;,&quot;created_timestamp&quot;:&quot;1428935606&quot;,&quot;copyright&quot;:&quot;&quot;,&quot;focal_length&quot;:&quot;16&quot;,&quot;iso&quot;:&quot;100&quot;,&quot;shutter_speed&quot;:&quot;0.008&quot;,&quot;title&quot;:&quot;&quot;,&quot;orientation&quot;:&quot;1&quot;}\" data-image-title=\"DSC01510\" data-image-description=\"\" data-medium-file=\"https:\/\/buchau.be\/espagne2015\/wp-content\/uploads\/2015\/04\/DSC01510-300x168.jpg\" data-large-file=\"https:\/\/buchau.be\/espagne2015\/wp-content\/uploads\/2015\/04\/DSC01510.jpg\" src=\"https:\/\/buchau.be\/espagne2015\/wp-content\/uploads\/2015\/04\/DSC01510.jpg\" width=\"577\" height=\"324\" align=\"left\" title=\"DSC01510\" \/><\/a><\/div><div class=\"tiled-gallery-item tiled-gallery-item-full\"><a href=\"https:\/\/buchau.be\/espagne2015\/2015\/04\/jour-7-prado-jardin-botanico-caixaforum-et-reina-sofia\/dsc01511\/\"><img loading=\"lazy\" decoding=\"async\" data-attachment-id=\"238\" data-orig-file=\"https:\/\/buchau.be\/espagne2015\/wp-content\/uploads\/2015\/04\/DSC01511.jpg\" data-orig-size=\"1000,561\" data-comments-opened=\"1\" data-image-meta=\"{&quot;aperture&quot;:&quot;9&quot;,&quot;credit&quot;:&quot;&quot;,&quot;camera&quot;:&quot;NEX-5R&quot;,&quot;caption&quot;:&quot;&quot;,&quot;created_timestamp&quot;:&quot;1428937197&quot;,&quot;copyright&quot;:&quot;&quot;,&quot;focal_length&quot;:&quot;16&quot;,&quot;iso&quot;:&quot;3200&quot;,&quot;shutter_speed&quot;:&quot;0.02&quot;,&quot;title&quot;:&quot;&quot;,&quot;orientation&quot;:&quot;1&quot;}\" data-image-title=\"DSC01511\" data-image-description=\"\" data-medium-file=\"https:\/\/buchau.be\/espagne2015\/wp-content\/uploads\/2015\/04\/DSC01511-300x168.jpg\" data-large-file=\"https:\/\/buchau.be\/espagne2015\/wp-content\/uploads\/2015\/04\/DSC01511.jpg\" src=\"https:\/\/buchau.be\/espagne2015\/wp-content\/uploads\/2015\/04\/DSC01511.jpg\" width=\"577\" height=\"324\" align=\"left\" title=\"DSC01511\" \/><\/a><\/div><div class=\"tiled-gallery-item tiled-gallery-item-full\"><a href=\"https:\/\/buchau.be\/espagne2015\/2015\/04\/jour-7-prado-jardin-botanico-caixaforum-et-reina-sofia\/dsc01516\/\"><img loading=\"lazy\" decoding=\"async\" data-attachment-id=\"239\" data-orig-file=\"https:\/\/buchau.be\/espagne2015\/wp-content\/uploads\/2015\/04\/DSC01516.jpg\" data-orig-size=\"1000,561\" data-comments-opened=\"1\" data-image-meta=\"{&quot;aperture&quot;:&quot;10&quot;,&quot;credit&quot;:&quot;&quot;,&quot;camera&quot;:&quot;NEX-5R&quot;,&quot;caption&quot;:&quot;&quot;,&quot;created_timestamp&quot;:&quot;1428938875&quot;,&quot;copyright&quot;:&quot;&quot;,&quot;focal_length&quot;:&quot;16&quot;,&quot;iso&quot;:&quot;3200&quot;,&quot;shutter_speed&quot;:&quot;0.033333333333333&quot;,&quot;title&quot;:&quot;&quot;,&quot;orientation&quot;:&quot;1&quot;}\" data-image-title=\"DSC01516\" data-image-description=\"\" data-medium-file=\"https:\/\/buchau.be\/espagne2015\/wp-content\/uploads\/2015\/04\/DSC01516-300x168.jpg\" data-large-file=\"https:\/\/buchau.be\/espagne2015\/wp-content\/uploads\/2015\/04\/DSC01516.jpg\" src=\"https:\/\/buchau.be\/espagne2015\/wp-content\/uploads\/2015\/04\/DSC01516.jpg\" width=\"577\" height=\"324\" align=\"left\" title=\"DSC01516\" \/><\/a><\/div><\/div><\/div><div class=\"gallery-row\" style=\"width: 1135px; height: 2016px;\"><div class=\"gallery-group images-1\" style=\"width: 1135px; height: 2020px;\"><div class=\"tiled-gallery-item tiled-gallery-item-full\"><a href=\"https:\/\/buchau.be\/espagne2015\/2015\/04\/jour-7-prado-jardin-botanico-caixaforum-et-reina-sofia\/dsc01519\/\"><img loading=\"lazy\" decoding=\"async\" data-attachment-id=\"240\" data-orig-file=\"https:\/\/buchau.be\/espagne2015\/wp-content\/uploads\/2015\/04\/DSC01519.jpg\" data-orig-size=\"561,1000\" data-comments-opened=\"1\" data-image-meta=\"{&quot;aperture&quot;:&quot;5.6&quot;,&quot;credit&quot;:&quot;&quot;,&quot;camera&quot;:&quot;NEX-5R&quot;,&quot;caption&quot;:&quot;&quot;,&quot;created_timestamp&quot;:&quot;1428939473&quot;,&quot;copyright&quot;:&quot;&quot;,&quot;focal_length&quot;:&quot;36&quot;,&quot;iso&quot;:&quot;200&quot;,&quot;shutter_speed&quot;:&quot;0.016666666666667&quot;,&quot;title&quot;:&quot;&quot;,&quot;orientation&quot;:&quot;1&quot;}\" data-image-title=\"DSC01519\" data-image-description=\"\" data-medium-file=\"https:\/\/buchau.be\/espagne2015\/wp-content\/uploads\/2015\/04\/DSC01519-168x300.jpg\" data-large-file=\"https:\/\/buchau.be\/espagne2015\/wp-content\/uploads\/2015\/04\/DSC01519.jpg\" src=\"https:\/\/buchau.be\/espagne2015\/wp-content\/uploads\/2015\/04\/DSC01519.jpg\" width=\"1131\" height=\"2016\" align=\"left\" title=\"DSC01519\" \/><\/a><div class=\"tiled-gallery-caption\">Ils sont fous ces madril\u00e8nes&#8230;<\/div><\/div><\/div><\/div><\/div>\n<p>Nous tentons donc une incartade au <em>Thyssen<\/em> mais l&rsquo;heure de fermeture a \u00e9t\u00e9 avanc\u00e9e \u00e0 16:00 aujourd&rsquo;hui.<\/p>\n<p>Nous nous rabattons sur le <em>Museo Reina Sofia<\/em>, consacr\u00e9 \u00e0 l&rsquo;art moderne (principalement espagnol) ainsi qu&rsquo;\u00e0 des expos temporaires d&rsquo;art contemporain. Comme chaque fois, il y avait \u00e0 boire et \u00e0 manger&#8230; mais ce mus\u00e9e est absolument immense! Impressionnant tant du point de vue de l&rsquo;espace disponible que du nombre de pi\u00e8ces pr\u00e9sent\u00e9es. On a particuli\u00e8rement aim\u00e9 les affiches de pub avec les t\u00eates de \u00ab\u00a0nos\u00a0\u00bb dirigeants l\u00e9g\u00e8rement d\u00e9tourn\u00e9es&#8230;<\/p>\n<div data-carousel-extra='{\"blog_id\":1,\"permalink\":\"https:\\\/\\\/buchau.be\\\/espagne2015\\\/2015\\\/04\\\/jour-7-prado-jardin-botanico-caixaforum-et-reina-sofia\\\/\"}' class=\"tiled-gallery type-rectangular\" data-original-width=\"1140\"><div class=\"gallery-row\" style=\"width: 1135px; height: 210px;\"><div class=\"gallery-group images-1\" style=\"width: 379px; height: 214px;\"><div class=\"tiled-gallery-item tiled-gallery-item-full\"><a href=\"https:\/\/buchau.be\/espagne2015\/wp-content\/uploads\/2015\/04\/DSC01526.jpg\"><img loading=\"lazy\" decoding=\"async\" data-attachment-id=\"242\" data-orig-file=\"https:\/\/buchau.be\/espagne2015\/wp-content\/uploads\/2015\/04\/DSC01526.jpg\" data-orig-size=\"1000,561\" data-comments-opened=\"1\" data-image-meta=\"{&quot;aperture&quot;:&quot;3.5&quot;,&quot;credit&quot;:&quot;&quot;,&quot;camera&quot;:&quot;NEX-5R&quot;,&quot;caption&quot;:&quot;&quot;,&quot;created_timestamp&quot;:&quot;1428941074&quot;,&quot;copyright&quot;:&quot;&quot;,&quot;focal_length&quot;:&quot;16&quot;,&quot;iso&quot;:&quot;100&quot;,&quot;shutter_speed&quot;:&quot;0.0025&quot;,&quot;title&quot;:&quot;&quot;,&quot;orientation&quot;:&quot;1&quot;}\" data-image-title=\"DSC01526\" data-image-description=\"\" data-medium-file=\"https:\/\/buchau.be\/espagne2015\/wp-content\/uploads\/2015\/04\/DSC01526-300x168.jpg\" data-large-file=\"https:\/\/buchau.be\/espagne2015\/wp-content\/uploads\/2015\/04\/DSC01526.jpg\" src=\"https:\/\/buchau.be\/espagne2015\/wp-content\/uploads\/2015\/04\/DSC01526.jpg\" width=\"375\" height=\"210\" align=\"left\" title=\"DSC01526\" \/><\/a><\/div><\/div><div class=\"gallery-group images-1\" style=\"width: 378px; height: 214px;\"><div class=\"tiled-gallery-item tiled-gallery-item-full\"><a href=\"https:\/\/buchau.be\/espagne2015\/wp-content\/uploads\/2015\/04\/DSC01527.jpg\"><img loading=\"lazy\" decoding=\"async\" data-attachment-id=\"243\" data-orig-file=\"https:\/\/buchau.be\/espagne2015\/wp-content\/uploads\/2015\/04\/DSC01527.jpg\" data-orig-size=\"1000,561\" data-comments-opened=\"1\" data-image-meta=\"{&quot;aperture&quot;:&quot;3.5&quot;,&quot;credit&quot;:&quot;&quot;,&quot;camera&quot;:&quot;NEX-5R&quot;,&quot;caption&quot;:&quot;&quot;,&quot;created_timestamp&quot;:&quot;1428941968&quot;,&quot;copyright&quot;:&quot;&quot;,&quot;focal_length&quot;:&quot;16&quot;,&quot;iso&quot;:&quot;500&quot;,&quot;shutter_speed&quot;:&quot;0.016666666666667&quot;,&quot;title&quot;:&quot;&quot;,&quot;orientation&quot;:&quot;1&quot;}\" data-image-title=\"DSC01527\" data-image-description=\"\" data-medium-file=\"https:\/\/buchau.be\/espagne2015\/wp-content\/uploads\/2015\/04\/DSC01527-300x168.jpg\" data-large-file=\"https:\/\/buchau.be\/espagne2015\/wp-content\/uploads\/2015\/04\/DSC01527.jpg\" src=\"https:\/\/buchau.be\/espagne2015\/wp-content\/uploads\/2015\/04\/DSC01527.jpg\" width=\"374\" height=\"210\" align=\"left\" title=\"DSC01527\" \/><\/a><\/div><\/div><div class=\"gallery-group images-1\" style=\"width: 378px; height: 214px;\"><div class=\"tiled-gallery-item tiled-gallery-item-full\"><a href=\"https:\/\/buchau.be\/espagne2015\/wp-content\/uploads\/2015\/04\/DSC01528.jpg\"><img loading=\"lazy\" decoding=\"async\" data-attachment-id=\"244\" data-orig-file=\"https:\/\/buchau.be\/espagne2015\/wp-content\/uploads\/2015\/04\/DSC01528.jpg\" data-orig-size=\"1000,561\" data-comments-opened=\"1\" data-image-meta=\"{&quot;aperture&quot;:&quot;5.6&quot;,&quot;credit&quot;:&quot;&quot;,&quot;camera&quot;:&quot;NEX-5R&quot;,&quot;caption&quot;:&quot;&quot;,&quot;created_timestamp&quot;:&quot;1428943306&quot;,&quot;copyright&quot;:&quot;&quot;,&quot;focal_length&quot;:&quot;50&quot;,&quot;iso&quot;:&quot;3200&quot;,&quot;shutter_speed&quot;:&quot;0.025&quot;,&quot;title&quot;:&quot;&quot;,&quot;orientation&quot;:&quot;1&quot;}\" data-image-title=\"DSC01528\" data-image-description=\"\" data-medium-file=\"https:\/\/buchau.be\/espagne2015\/wp-content\/uploads\/2015\/04\/DSC01528-300x168.jpg\" data-large-file=\"https:\/\/buchau.be\/espagne2015\/wp-content\/uploads\/2015\/04\/DSC01528.jpg\" src=\"https:\/\/buchau.be\/espagne2015\/wp-content\/uploads\/2015\/04\/DSC01528.jpg\" width=\"374\" height=\"210\" align=\"left\" title=\"DSC01528\" \/><\/a><\/div><\/div><\/div><div class=\"gallery-row\" style=\"width: 1135px; height: 316px;\"><div class=\"gallery-group images-1\" style=\"width: 568px; height: 320px;\"><div class=\"tiled-gallery-item tiled-gallery-item-full\"><a href=\"https:\/\/buchau.be\/espagne2015\/wp-content\/uploads\/2015\/04\/DSC01529.jpg\"><img loading=\"lazy\" decoding=\"async\" data-attachment-id=\"245\" data-orig-file=\"https:\/\/buchau.be\/espagne2015\/wp-content\/uploads\/2015\/04\/DSC01529.jpg\" data-orig-size=\"1000,561\" data-comments-opened=\"1\" data-image-meta=\"{&quot;aperture&quot;:&quot;5.6&quot;,&quot;credit&quot;:&quot;&quot;,&quot;camera&quot;:&quot;NEX-5R&quot;,&quot;caption&quot;:&quot;&quot;,&quot;created_timestamp&quot;:&quot;1428943313&quot;,&quot;copyright&quot;:&quot;&quot;,&quot;focal_length&quot;:&quot;50&quot;,&quot;iso&quot;:&quot;3200&quot;,&quot;shutter_speed&quot;:&quot;0.02&quot;,&quot;title&quot;:&quot;&quot;,&quot;orientation&quot;:&quot;1&quot;}\" data-image-title=\"DSC01529\" data-image-description=\"\" data-medium-file=\"https:\/\/buchau.be\/espagne2015\/wp-content\/uploads\/2015\/04\/DSC01529-300x168.jpg\" data-large-file=\"https:\/\/buchau.be\/espagne2015\/wp-content\/uploads\/2015\/04\/DSC01529.jpg\" src=\"https:\/\/buchau.be\/espagne2015\/wp-content\/uploads\/2015\/04\/DSC01529.jpg\" width=\"564\" height=\"316\" align=\"left\" title=\"DSC01529\" \/><\/a><\/div><\/div><div class=\"gallery-group images-1\" style=\"width: 567px; height: 320px;\"><div class=\"tiled-gallery-item tiled-gallery-item-full\"><a href=\"https:\/\/buchau.be\/espagne2015\/wp-content\/uploads\/2015\/04\/DSC01530.jpg\"><img loading=\"lazy\" decoding=\"async\" data-attachment-id=\"246\" data-orig-file=\"https:\/\/buchau.be\/espagne2015\/wp-content\/uploads\/2015\/04\/DSC01530.jpg\" data-orig-size=\"1000,561\" data-comments-opened=\"1\" data-image-meta=\"{&quot;aperture&quot;:&quot;5.6&quot;,&quot;credit&quot;:&quot;&quot;,&quot;camera&quot;:&quot;NEX-5R&quot;,&quot;caption&quot;:&quot;&quot;,&quot;created_timestamp&quot;:&quot;1428943333&quot;,&quot;copyright&quot;:&quot;&quot;,&quot;focal_length&quot;:&quot;50&quot;,&quot;iso&quot;:&quot;3200&quot;,&quot;shutter_speed&quot;:&quot;0.025&quot;,&quot;title&quot;:&quot;&quot;,&quot;orientation&quot;:&quot;1&quot;}\" data-image-title=\"DSC01530\" data-image-description=\"\" data-medium-file=\"https:\/\/buchau.be\/espagne2015\/wp-content\/uploads\/2015\/04\/DSC01530-300x168.jpg\" data-large-file=\"https:\/\/buchau.be\/espagne2015\/wp-content\/uploads\/2015\/04\/DSC01530.jpg\" src=\"https:\/\/buchau.be\/espagne2015\/wp-content\/uploads\/2015\/04\/DSC01530.jpg\" width=\"563\" height=\"316\" align=\"left\" title=\"DSC01530\" \/><\/a><\/div><\/div><\/div><div class=\"gallery-row\" style=\"width: 1135px; height: 210px;\"><div class=\"gallery-group images-1\" style=\"width: 379px; height: 214px;\"><div class=\"tiled-gallery-item tiled-gallery-item-full\"><a href=\"https:\/\/buchau.be\/espagne2015\/wp-content\/uploads\/2015\/04\/DSC01531.jpg\"><img loading=\"lazy\" decoding=\"async\" data-attachment-id=\"247\" data-orig-file=\"https:\/\/buchau.be\/espagne2015\/wp-content\/uploads\/2015\/04\/DSC01531.jpg\" data-orig-size=\"1000,561\" data-comments-opened=\"1\" data-image-meta=\"{&quot;aperture&quot;:&quot;3.5&quot;,&quot;credit&quot;:&quot;&quot;,&quot;camera&quot;:&quot;NEX-5R&quot;,&quot;caption&quot;:&quot;&quot;,&quot;created_timestamp&quot;:&quot;1428943380&quot;,&quot;copyright&quot;:&quot;&quot;,&quot;focal_length&quot;:&quot;16&quot;,&quot;iso&quot;:&quot;1600&quot;,&quot;shutter_speed&quot;:&quot;0.016666666666667&quot;,&quot;title&quot;:&quot;&quot;,&quot;orientation&quot;:&quot;1&quot;}\" data-image-title=\"DSC01531\" data-image-description=\"\" data-medium-file=\"https:\/\/buchau.be\/espagne2015\/wp-content\/uploads\/2015\/04\/DSC01531-300x168.jpg\" data-large-file=\"https:\/\/buchau.be\/espagne2015\/wp-content\/uploads\/2015\/04\/DSC01531.jpg\" src=\"https:\/\/buchau.be\/espagne2015\/wp-content\/uploads\/2015\/04\/DSC01531.jpg\" width=\"375\" height=\"210\" align=\"left\" title=\"DSC01531\" \/><\/a><\/div><\/div><div class=\"gallery-group images-1\" style=\"width: 378px; height: 214px;\"><div class=\"tiled-gallery-item tiled-gallery-item-full\"><a href=\"https:\/\/buchau.be\/espagne2015\/wp-content\/uploads\/2015\/04\/DSC01533.jpg\"><img loading=\"lazy\" decoding=\"async\" data-attachment-id=\"248\" data-orig-file=\"https:\/\/buchau.be\/espagne2015\/wp-content\/uploads\/2015\/04\/DSC01533.jpg\" data-orig-size=\"1000,561\" data-comments-opened=\"1\" data-image-meta=\"{&quot;aperture&quot;:&quot;4.5&quot;,&quot;credit&quot;:&quot;&quot;,&quot;camera&quot;:&quot;NEX-5R&quot;,&quot;caption&quot;:&quot;&quot;,&quot;created_timestamp&quot;:&quot;1428943448&quot;,&quot;copyright&quot;:&quot;&quot;,&quot;focal_length&quot;:&quot;28&quot;,&quot;iso&quot;:&quot;3200&quot;,&quot;shutter_speed&quot;:&quot;0.02&quot;,&quot;title&quot;:&quot;&quot;,&quot;orientation&quot;:&quot;1&quot;}\" data-image-title=\"DSC01533\" data-image-description=\"\" data-medium-file=\"https:\/\/buchau.be\/espagne2015\/wp-content\/uploads\/2015\/04\/DSC01533-300x168.jpg\" data-large-file=\"https:\/\/buchau.be\/espagne2015\/wp-content\/uploads\/2015\/04\/DSC01533.jpg\" src=\"https:\/\/buchau.be\/espagne2015\/wp-content\/uploads\/2015\/04\/DSC01533.jpg\" width=\"374\" height=\"210\" align=\"left\" title=\"DSC01533\" \/><\/a><\/div><\/div><div class=\"gallery-group images-1\" style=\"width: 378px; height: 214px;\"><div class=\"tiled-gallery-item tiled-gallery-item-full\"><a href=\"https:\/\/buchau.be\/espagne2015\/wp-content\/uploads\/2015\/04\/DSC01534.jpg\"><img loading=\"lazy\" decoding=\"async\" data-attachment-id=\"249\" data-orig-file=\"https:\/\/buchau.be\/espagne2015\/wp-content\/uploads\/2015\/04\/DSC01534.jpg\" data-orig-size=\"1000,561\" data-comments-opened=\"1\" data-image-meta=\"{&quot;aperture&quot;:&quot;3.5&quot;,&quot;credit&quot;:&quot;&quot;,&quot;camera&quot;:&quot;NEX-5R&quot;,&quot;caption&quot;:&quot;&quot;,&quot;created_timestamp&quot;:&quot;1428943900&quot;,&quot;copyright&quot;:&quot;&quot;,&quot;focal_length&quot;:&quot;16&quot;,&quot;iso&quot;:&quot;1250&quot;,&quot;shutter_speed&quot;:&quot;0.016666666666667&quot;,&quot;title&quot;:&quot;&quot;,&quot;orientation&quot;:&quot;1&quot;}\" data-image-title=\"DSC01534\" data-image-description=\"\" data-medium-file=\"https:\/\/buchau.be\/espagne2015\/wp-content\/uploads\/2015\/04\/DSC01534-300x168.jpg\" data-large-file=\"https:\/\/buchau.be\/espagne2015\/wp-content\/uploads\/2015\/04\/DSC01534.jpg\" src=\"https:\/\/buchau.be\/espagne2015\/wp-content\/uploads\/2015\/04\/DSC01534.jpg\" width=\"374\" height=\"210\" align=\"left\" title=\"DSC01534\" \/><\/a><\/div><\/div><\/div><div class=\"gallery-row\" style=\"width: 1135px; height: 481px;\"><div class=\"gallery-group images-1\" style=\"width: 274px; height: 485px;\"><div class=\"tiled-gallery-item tiled-gallery-item-full\"><a href=\"https:\/\/buchau.be\/espagne2015\/wp-content\/uploads\/2015\/04\/DSC01535.jpg\"><img loading=\"lazy\" decoding=\"async\" data-attachment-id=\"250\" data-orig-file=\"https:\/\/buchau.be\/espagne2015\/wp-content\/uploads\/2015\/04\/DSC01535.jpg\" data-orig-size=\"561,1000\" data-comments-opened=\"1\" data-image-meta=\"{&quot;aperture&quot;:&quot;4.5&quot;,&quot;credit&quot;:&quot;&quot;,&quot;camera&quot;:&quot;NEX-5R&quot;,&quot;caption&quot;:&quot;&quot;,&quot;created_timestamp&quot;:&quot;1428944601&quot;,&quot;copyright&quot;:&quot;&quot;,&quot;focal_length&quot;:&quot;25&quot;,&quot;iso&quot;:&quot;2500&quot;,&quot;shutter_speed&quot;:&quot;0.016666666666667&quot;,&quot;title&quot;:&quot;&quot;,&quot;orientation&quot;:&quot;1&quot;}\" data-image-title=\"DSC01535\" data-image-description=\"\" data-medium-file=\"https:\/\/buchau.be\/espagne2015\/wp-content\/uploads\/2015\/04\/DSC01535-168x300.jpg\" data-large-file=\"https:\/\/buchau.be\/espagne2015\/wp-content\/uploads\/2015\/04\/DSC01535.jpg\" src=\"https:\/\/buchau.be\/espagne2015\/wp-content\/uploads\/2015\/04\/DSC01535.jpg\" width=\"270\" height=\"481\" align=\"left\" title=\"DSC01535\" \/><\/a><\/div><\/div><div class=\"gallery-group images-1\" style=\"width: 861px; height: 485px;\"><div class=\"tiled-gallery-item tiled-gallery-item-full\"><a href=\"https:\/\/buchau.be\/espagne2015\/wp-content\/uploads\/2015\/04\/DSC01536.jpg\"><img loading=\"lazy\" decoding=\"async\" data-attachment-id=\"251\" data-orig-file=\"https:\/\/buchau.be\/espagne2015\/wp-content\/uploads\/2015\/04\/DSC01536.jpg\" data-orig-size=\"1000,561\" data-comments-opened=\"1\" data-image-meta=\"{&quot;aperture&quot;:&quot;3.5&quot;,&quot;credit&quot;:&quot;&quot;,&quot;camera&quot;:&quot;NEX-5R&quot;,&quot;caption&quot;:&quot;&quot;,&quot;created_timestamp&quot;:&quot;1428945485&quot;,&quot;copyright&quot;:&quot;&quot;,&quot;focal_length&quot;:&quot;16&quot;,&quot;iso&quot;:&quot;640&quot;,&quot;shutter_speed&quot;:&quot;0.016666666666667&quot;,&quot;title&quot;:&quot;&quot;,&quot;orientation&quot;:&quot;1&quot;}\" data-image-title=\"DSC01536\" data-image-description=\"\" data-medium-file=\"https:\/\/buchau.be\/espagne2015\/wp-content\/uploads\/2015\/04\/DSC01536-300x168.jpg\" data-large-file=\"https:\/\/buchau.be\/espagne2015\/wp-content\/uploads\/2015\/04\/DSC01536.jpg\" src=\"https:\/\/buchau.be\/espagne2015\/wp-content\/uploads\/2015\/04\/DSC01536.jpg\" width=\"857\" height=\"481\" align=\"left\" title=\"DSC01536\" \/><\/a><\/div><\/div><\/div><\/div>\n<p>Sur le chemin du retour vers l&rsquo;h\u00f4tel, nous faisons un passage \u00e0 la gare d&rsquo;<em>Atocha<\/em> (la gare centrale des TGV\/AVE) de <em>Madrid<\/em>: l&rsquo;int\u00e9rieur est surprenant: pas de trains; ils sont \u00e0 un autre endroit&#8230; A proximit\u00e9 de l&rsquo;h\u00f4tel, j&rsquo;en profite aussi pour faire un petit test photo \ud83d\ude09<\/p>\n<div data-carousel-extra='{\"blog_id\":1,\"permalink\":\"https:\\\/\\\/buchau.be\\\/espagne2015\\\/2015\\\/04\\\/jour-7-prado-jardin-botanico-caixaforum-et-reina-sofia\\\/\"}' class=\"tiled-gallery type-rectangular\" data-original-width=\"1140\"><div class=\"gallery-row\" style=\"width: 1135px; height: 460px;\"><div class=\"gallery-group images-1\" style=\"width: 824px; height: 464px;\"><div class=\"tiled-gallery-item tiled-gallery-item-medium\"><a href=\"https:\/\/buchau.be\/espagne2015\/wp-content\/uploads\/2015\/04\/DSC01537.jpg\"><img loading=\"lazy\" decoding=\"async\" data-attachment-id=\"252\" data-orig-file=\"https:\/\/buchau.be\/espagne2015\/wp-content\/uploads\/2015\/04\/DSC01537.jpg\" data-orig-size=\"1000,561\" data-comments-opened=\"1\" data-image-meta=\"{&quot;aperture&quot;:&quot;3.5&quot;,&quot;credit&quot;:&quot;&quot;,&quot;camera&quot;:&quot;NEX-5R&quot;,&quot;caption&quot;:&quot;&quot;,&quot;created_timestamp&quot;:&quot;1428946420&quot;,&quot;copyright&quot;:&quot;&quot;,&quot;focal_length&quot;:&quot;16&quot;,&quot;iso&quot;:&quot;125&quot;,&quot;shutter_speed&quot;:&quot;0.016666666666667&quot;,&quot;title&quot;:&quot;&quot;,&quot;orientation&quot;:&quot;1&quot;}\" data-image-title=\"DSC01537\" data-image-description=\"\" data-medium-file=\"https:\/\/buchau.be\/espagne2015\/wp-content\/uploads\/2015\/04\/DSC01537-300x168.jpg\" data-large-file=\"https:\/\/buchau.be\/espagne2015\/wp-content\/uploads\/2015\/04\/DSC01537.jpg\" src=\"https:\/\/buchau.be\/espagne2015\/wp-content\/uploads\/2015\/04\/DSC01537-300x168.jpg\" width=\"820\" height=\"460\" align=\"left\" title=\"DSC01537\" \/><\/a><\/div><\/div><div class=\"gallery-group images-1\" style=\"width: 311px; height: 464px;\"><div class=\"tiled-gallery-item tiled-gallery-item-medium\"><a href=\"https:\/\/buchau.be\/espagne2015\/wp-content\/uploads\/2015\/04\/DSC01540b.jpg\"><img loading=\"lazy\" decoding=\"async\" data-attachment-id=\"253\" data-orig-file=\"https:\/\/buchau.be\/espagne2015\/wp-content\/uploads\/2015\/04\/DSC01540b.jpg\" data-orig-size=\"666,1000\" data-comments-opened=\"1\" data-image-meta=\"{&quot;aperture&quot;:&quot;0&quot;,&quot;credit&quot;:&quot;&quot;,&quot;camera&quot;:&quot;&quot;,&quot;caption&quot;:&quot;&quot;,&quot;created_timestamp&quot;:&quot;0&quot;,&quot;copyright&quot;:&quot;&quot;,&quot;focal_length&quot;:&quot;0&quot;,&quot;iso&quot;:&quot;0&quot;,&quot;shutter_speed&quot;:&quot;0&quot;,&quot;title&quot;:&quot;&quot;,&quot;orientation&quot;:&quot;0&quot;}\" data-image-title=\"DSC01540b\" data-image-description=\"\" data-medium-file=\"https:\/\/buchau.be\/espagne2015\/wp-content\/uploads\/2015\/04\/DSC01540b-200x300.jpg\" data-large-file=\"https:\/\/buchau.be\/espagne2015\/wp-content\/uploads\/2015\/04\/DSC01540b.jpg\" src=\"https:\/\/buchau.be\/espagne2015\/wp-content\/uploads\/2015\/04\/DSC01540b-200x300.jpg\" width=\"307\" height=\"460\" align=\"left\" title=\"DSC01540b\" \/><\/a><\/div><\/div><\/div><\/div>\n<p>Bilan de la journ\u00e9e tr\u00e8s positif: journ\u00e9e bien remplie, ensoleill\u00e9e et douce. Un belle journ\u00e9e de vacances de p\u00e2ques comme on en r\u00eave! De plus, les tapas du midi \u00e9taient d\u00e9licieux (en terrasse, au soleil)&#8230; et, une fois de plus, on en a command\u00e9 trop \ud83d\ude00<\/p>\n","protected":false},"excerpt":{"rendered":"<p>On voulait aussi faire le Thyssen mais c&rsquo;\u00e9tait ferm\u00e9 \u00e0 16:00 :-\/ On ira demain&#8230; Journ\u00e9e mus\u00e9es bien charg\u00e9e: on commence avec le Louvres madril\u00e8ne: le Museo del Prado. Beaucoup de peintres locaux, peu de sculptures&#8230; Nous \u00e9tions un peu d\u00e9ception par rapport \u00e0 l&rsquo;image que nous nous en faisions. De plus, ne poss\u00e9dant pas [&hellip;]<\/p>\n","protected":false},"author":1,"featured_media":0,"comment_status":"open","ping_status":"closed","sticky":false,"template":"","format":"standard","meta":{"footnotes":""},"categories":[4],"tags":[],"class_list":["post-232","post","type-post","status-publish","format-standard","hentry","category-madrid"],"_links":{"self":[{"href":"https:\/\/buchau.be\/espagne2015\/wp-json\/wp\/v2\/posts\/232","targetHints":{"allow":["GET"]}}],"collection":[{"href":"https:\/\/buchau.be\/espagne2015\/wp-json\/wp\/v2\/posts"}],"about":[{"href":"https:\/\/buchau.be\/espagne2015\/wp-json\/wp\/v2\/types\/post"}],"author":[{"embeddable":true,"href":"https:\/\/buchau.be\/espagne2015\/wp-json\/wp\/v2\/users\/1"}],"replies":[{"embeddable":true,"href":"https:\/\/buchau.be\/espagne2015\/wp-json\/wp\/v2\/comments?post=232"}],"version-history":[{"count":5,"href":"https:\/\/buchau.be\/espagne2015\/wp-json\/wp\/v2\/posts\/232\/revisions"}],"predecessor-version":[{"id":258,"href":"https:\/\/buchau.be\/espagne2015\/wp-json\/wp\/v2\/posts\/232\/revisions\/258"}],"wp:attachment":[{"href":"https:\/\/buchau.be\/espagne2015\/wp-json\/wp\/v2\/media?parent=232"}],"wp:term":[{"taxonomy":"category","embeddable":true,"href":"https:\/\/buchau.be\/espagne2015\/wp-json\/wp\/v2\/categories?post=232"},{"taxonomy":"post_tag","embeddable":true,"href":"https:\/\/buchau.be\/espagne2015\/wp-json\/wp\/v2\/tags?post=232"}],"curies":[{"name":"wp","href":"https:\/\/api.w.org\/{rel}","templated":true}]}}