{"id":261,"date":"2015-04-14T23:57:38","date_gmt":"2015-04-14T21:57:38","guid":{"rendered":"http:\/\/buchau.be\/espagne2015\/?p=261"},"modified":"2015-04-15T11:48:24","modified_gmt":"2015-04-15T09:48:24","slug":"jour-8-arenas-thyssen-mapfre-gabinoteca-et-desigual","status":"publish","type":"post","link":"https:\/\/buchau.be\/espagne2015\/2015\/04\/jour-8-arenas-thyssen-mapfre-gabinoteca-et-desigual\/","title":{"rendered":"Jour 8: Arenas, Thyssen, Mapfre, Gabinoteca et Desigual"},"content":{"rendered":"<p>On a repris notre rallye des mus\u00e9es ce matin&#8230; euh, ce midi&#8230;<\/p>\n<p>Nous nous sommes d&rsquo;abord arr\u00eat\u00e9s aux <a href=\"http:\/\/www.las-ventas.com\/\" target=\"_blank\"><em>ar\u00e8nes de las Ventas<\/em><\/a>, LES ar\u00e8nes madril\u00e8nes! Vous le savez probablement d\u00e9j\u00e0, nous avons \u00ab\u00a0un truc\u00a0\u00bb avec les taureaux mais&#8230; nous ne supportons pas le spectacle de la corrida (surtout le sang et les cons\u00e9quences toujours f\u00e2cheuses des combats entre l&rsquo;homme et la b\u00eate). Bref, on aime tout ce qui tourne autour des taureaux (et on continue d&rsquo;adorer la course camarguaise, qui n&rsquo;a rien \u00e0 voir avec la corrida!).<\/p>\n<div data-carousel-extra='{\"blog_id\":1,\"permalink\":\"https:\\\/\\\/buchau.be\\\/espagne2015\\\/2015\\\/04\\\/jour-8-arenas-thyssen-mapfre-gabinoteca-et-desigual\\\/\"}' class=\"tiled-gallery type-rectangular\" data-original-width=\"1140\"><div class=\"gallery-row\" style=\"width: 1135px; height: 216px;\"><div class=\"gallery-group images-1\" style=\"width: 357px; height: 220px;\"><div class=\"tiled-gallery-item tiled-gallery-item-full\"><a href=\"https:\/\/buchau.be\/espagne2015\/wp-content\/uploads\/2015\/04\/DSC01591b.jpg\"><img loading=\"lazy\" decoding=\"async\" data-attachment-id=\"269\" data-orig-file=\"https:\/\/buchau.be\/espagne2015\/wp-content\/uploads\/2015\/04\/DSC01591b.jpg\" data-orig-size=\"1000,612\" data-comments-opened=\"1\" data-image-meta=\"{&quot;aperture&quot;:&quot;0&quot;,&quot;credit&quot;:&quot;&quot;,&quot;camera&quot;:&quot;&quot;,&quot;caption&quot;:&quot;&quot;,&quot;created_timestamp&quot;:&quot;0&quot;,&quot;copyright&quot;:&quot;&quot;,&quot;focal_length&quot;:&quot;0&quot;,&quot;iso&quot;:&quot;0&quot;,&quot;shutter_speed&quot;:&quot;0&quot;,&quot;title&quot;:&quot;&quot;,&quot;orientation&quot;:&quot;0&quot;}\" data-image-title=\"DSC01591b\" data-image-description=\"\" data-medium-file=\"https:\/\/buchau.be\/espagne2015\/wp-content\/uploads\/2015\/04\/DSC01591b-300x184.jpg\" data-large-file=\"https:\/\/buchau.be\/espagne2015\/wp-content\/uploads\/2015\/04\/DSC01591b.jpg\" src=\"https:\/\/buchau.be\/espagne2015\/wp-content\/uploads\/2015\/04\/DSC01591b.jpg\" width=\"353\" height=\"216\" align=\"left\" title=\"DSC01591b\" \/><\/a><\/div><\/div><div class=\"gallery-group images-1\" style=\"width: 389px; height: 220px;\"><div class=\"tiled-gallery-item tiled-gallery-item-full\"><a href=\"https:\/\/buchau.be\/espagne2015\/wp-content\/uploads\/2015\/04\/DSC01583.jpg\"><img loading=\"lazy\" decoding=\"async\" data-attachment-id=\"268\" data-orig-file=\"https:\/\/buchau.be\/espagne2015\/wp-content\/uploads\/2015\/04\/DSC01583.jpg\" data-orig-size=\"1000,561\" data-comments-opened=\"1\" data-image-meta=\"{&quot;aperture&quot;:&quot;3.5&quot;,&quot;credit&quot;:&quot;&quot;,&quot;camera&quot;:&quot;NEX-5R&quot;,&quot;caption&quot;:&quot;&quot;,&quot;created_timestamp&quot;:&quot;1429010463&quot;,&quot;copyright&quot;:&quot;&quot;,&quot;focal_length&quot;:&quot;16&quot;,&quot;iso&quot;:&quot;100&quot;,&quot;shutter_speed&quot;:&quot;0.001&quot;,&quot;title&quot;:&quot;&quot;,&quot;orientation&quot;:&quot;1&quot;}\" data-image-title=\"DSC01583\" data-image-description=\"\" data-medium-file=\"https:\/\/buchau.be\/espagne2015\/wp-content\/uploads\/2015\/04\/DSC01583-300x168.jpg\" data-large-file=\"https:\/\/buchau.be\/espagne2015\/wp-content\/uploads\/2015\/04\/DSC01583.jpg\" src=\"https:\/\/buchau.be\/espagne2015\/wp-content\/uploads\/2015\/04\/DSC01583.jpg\" width=\"385\" height=\"216\" align=\"left\" title=\"DSC01583\" \/><\/a><\/div><\/div><div class=\"gallery-group images-1\" style=\"width: 389px; height: 220px;\"><div class=\"tiled-gallery-item tiled-gallery-item-full\"><a href=\"https:\/\/buchau.be\/espagne2015\/wp-content\/uploads\/2015\/04\/DSC01574.jpg\"><img loading=\"lazy\" decoding=\"async\" data-attachment-id=\"267\" data-orig-file=\"https:\/\/buchau.be\/espagne2015\/wp-content\/uploads\/2015\/04\/DSC01574.jpg\" data-orig-size=\"1000,561\" data-comments-opened=\"1\" data-image-meta=\"{&quot;aperture&quot;:&quot;8&quot;,&quot;credit&quot;:&quot;&quot;,&quot;camera&quot;:&quot;NEX-5R&quot;,&quot;caption&quot;:&quot;&quot;,&quot;created_timestamp&quot;:&quot;1429010192&quot;,&quot;copyright&quot;:&quot;&quot;,&quot;focal_length&quot;:&quot;16&quot;,&quot;iso&quot;:&quot;100&quot;,&quot;shutter_speed&quot;:&quot;0.01&quot;,&quot;title&quot;:&quot;&quot;,&quot;orientation&quot;:&quot;1&quot;}\" data-image-title=\"DSC01574\" data-image-description=\"\" data-medium-file=\"https:\/\/buchau.be\/espagne2015\/wp-content\/uploads\/2015\/04\/DSC01574-300x168.jpg\" data-large-file=\"https:\/\/buchau.be\/espagne2015\/wp-content\/uploads\/2015\/04\/DSC01574.jpg\" src=\"https:\/\/buchau.be\/espagne2015\/wp-content\/uploads\/2015\/04\/DSC01574.jpg\" width=\"385\" height=\"216\" align=\"left\" title=\"DSC01574\" \/><\/a><\/div><\/div><\/div><div class=\"gallery-row\" style=\"width: 1135px; height: 316px;\"><div class=\"gallery-group images-1\" style=\"width: 568px; height: 320px;\"><div class=\"tiled-gallery-item tiled-gallery-item-full\"><a href=\"https:\/\/buchau.be\/espagne2015\/wp-content\/uploads\/2015\/04\/DSC01572.jpg\"><img loading=\"lazy\" decoding=\"async\" data-attachment-id=\"266\" data-orig-file=\"https:\/\/buchau.be\/espagne2015\/wp-content\/uploads\/2015\/04\/DSC01572.jpg\" data-orig-size=\"1000,561\" data-comments-opened=\"1\" data-image-meta=\"{&quot;aperture&quot;:&quot;9&quot;,&quot;credit&quot;:&quot;&quot;,&quot;camera&quot;:&quot;NEX-5R&quot;,&quot;caption&quot;:&quot;&quot;,&quot;created_timestamp&quot;:&quot;1429010127&quot;,&quot;copyright&quot;:&quot;&quot;,&quot;focal_length&quot;:&quot;16&quot;,&quot;iso&quot;:&quot;100&quot;,&quot;shutter_speed&quot;:&quot;0.003125&quot;,&quot;title&quot;:&quot;&quot;,&quot;orientation&quot;:&quot;1&quot;}\" data-image-title=\"DSC01572\" data-image-description=\"\" data-medium-file=\"https:\/\/buchau.be\/espagne2015\/wp-content\/uploads\/2015\/04\/DSC01572-300x168.jpg\" data-large-file=\"https:\/\/buchau.be\/espagne2015\/wp-content\/uploads\/2015\/04\/DSC01572.jpg\" src=\"https:\/\/buchau.be\/espagne2015\/wp-content\/uploads\/2015\/04\/DSC01572.jpg\" width=\"564\" height=\"316\" align=\"left\" title=\"DSC01572\" \/><\/a><\/div><\/div><div class=\"gallery-group images-1\" style=\"width: 567px; height: 320px;\"><div class=\"tiled-gallery-item tiled-gallery-item-full\"><a href=\"https:\/\/buchau.be\/espagne2015\/wp-content\/uploads\/2015\/04\/DSC01570.jpg\"><img loading=\"lazy\" decoding=\"async\" data-attachment-id=\"265\" data-orig-file=\"https:\/\/buchau.be\/espagne2015\/wp-content\/uploads\/2015\/04\/DSC01570.jpg\" data-orig-size=\"1000,561\" data-comments-opened=\"1\" data-image-meta=\"{&quot;aperture&quot;:&quot;9&quot;,&quot;credit&quot;:&quot;&quot;,&quot;camera&quot;:&quot;NEX-5R&quot;,&quot;caption&quot;:&quot;&quot;,&quot;created_timestamp&quot;:&quot;1429010117&quot;,&quot;copyright&quot;:&quot;&quot;,&quot;focal_length&quot;:&quot;16&quot;,&quot;iso&quot;:&quot;100&quot;,&quot;shutter_speed&quot;:&quot;0.003125&quot;,&quot;title&quot;:&quot;&quot;,&quot;orientation&quot;:&quot;1&quot;}\" data-image-title=\"DSC01570\" data-image-description=\"\" data-medium-file=\"https:\/\/buchau.be\/espagne2015\/wp-content\/uploads\/2015\/04\/DSC01570-300x168.jpg\" data-large-file=\"https:\/\/buchau.be\/espagne2015\/wp-content\/uploads\/2015\/04\/DSC01570.jpg\" src=\"https:\/\/buchau.be\/espagne2015\/wp-content\/uploads\/2015\/04\/DSC01570.jpg\" width=\"563\" height=\"316\" align=\"left\" title=\"DSC01570\" \/><\/a><\/div><\/div><\/div><div class=\"gallery-row\" style=\"width: 1135px; height: 106px;\"><div class=\"gallery-group images-1\" style=\"width: 472px; height: 110px;\"><div class=\"tiled-gallery-item tiled-gallery-item-full\"><a href=\"https:\/\/buchau.be\/espagne2015\/wp-content\/uploads\/2015\/04\/DSC01548.jpg\"><img loading=\"lazy\" decoding=\"async\" data-attachment-id=\"262\" data-orig-file=\"https:\/\/buchau.be\/espagne2015\/wp-content\/uploads\/2015\/04\/DSC01548.jpg\" data-orig-size=\"1000,226\" data-comments-opened=\"1\" data-image-meta=\"{&quot;aperture&quot;:&quot;9&quot;,&quot;credit&quot;:&quot;&quot;,&quot;camera&quot;:&quot;NEX-5R&quot;,&quot;caption&quot;:&quot;&quot;,&quot;created_timestamp&quot;:&quot;1429008474&quot;,&quot;copyright&quot;:&quot;&quot;,&quot;focal_length&quot;:&quot;17&quot;,&quot;iso&quot;:&quot;100&quot;,&quot;shutter_speed&quot;:&quot;0.00625&quot;,&quot;title&quot;:&quot;&quot;,&quot;orientation&quot;:&quot;1&quot;}\" data-image-title=\"DSC01548\" data-image-description=\"\" data-medium-file=\"https:\/\/buchau.be\/espagne2015\/wp-content\/uploads\/2015\/04\/DSC01548-300x68.jpg\" data-large-file=\"https:\/\/buchau.be\/espagne2015\/wp-content\/uploads\/2015\/04\/DSC01548.jpg\" src=\"https:\/\/buchau.be\/espagne2015\/wp-content\/uploads\/2015\/04\/DSC01548.jpg\" width=\"468\" height=\"106\" align=\"left\" title=\"DSC01548\" \/><\/a><\/div><\/div><div class=\"gallery-group images-1\" style=\"width: 192px; height: 110px;\"><div class=\"tiled-gallery-item tiled-gallery-item-full\"><a href=\"https:\/\/buchau.be\/espagne2015\/wp-content\/uploads\/2015\/04\/DSC01564.jpg\"><img loading=\"lazy\" decoding=\"async\" data-attachment-id=\"263\" data-orig-file=\"https:\/\/buchau.be\/espagne2015\/wp-content\/uploads\/2015\/04\/DSC01564.jpg\" data-orig-size=\"1000,561\" data-comments-opened=\"1\" data-image-meta=\"{&quot;aperture&quot;:&quot;3.5&quot;,&quot;credit&quot;:&quot;&quot;,&quot;camera&quot;:&quot;NEX-5R&quot;,&quot;caption&quot;:&quot;&quot;,&quot;created_timestamp&quot;:&quot;1429008970&quot;,&quot;copyright&quot;:&quot;&quot;,&quot;focal_length&quot;:&quot;16&quot;,&quot;iso&quot;:&quot;100&quot;,&quot;shutter_speed&quot;:&quot;0.0008&quot;,&quot;title&quot;:&quot;&quot;,&quot;orientation&quot;:&quot;1&quot;}\" data-image-title=\"DSC01564\" data-image-description=\"\" data-medium-file=\"https:\/\/buchau.be\/espagne2015\/wp-content\/uploads\/2015\/04\/DSC01564-300x168.jpg\" data-large-file=\"https:\/\/buchau.be\/espagne2015\/wp-content\/uploads\/2015\/04\/DSC01564.jpg\" src=\"https:\/\/buchau.be\/espagne2015\/wp-content\/uploads\/2015\/04\/DSC01564.jpg\" width=\"188\" height=\"106\" align=\"left\" title=\"DSC01564\" \/><\/a><\/div><\/div><div class=\"gallery-group images-1\" style=\"width: 471px; height: 110px;\"><div class=\"tiled-gallery-item tiled-gallery-item-full\"><a href=\"https:\/\/buchau.be\/espagne2015\/wp-content\/uploads\/2015\/04\/DSC01567.jpg\"><img loading=\"lazy\" decoding=\"async\" data-attachment-id=\"264\" data-orig-file=\"https:\/\/buchau.be\/espagne2015\/wp-content\/uploads\/2015\/04\/DSC01567.jpg\" data-orig-size=\"1000,226\" data-comments-opened=\"1\" data-image-meta=\"{&quot;aperture&quot;:&quot;10&quot;,&quot;credit&quot;:&quot;&quot;,&quot;camera&quot;:&quot;NEX-5R&quot;,&quot;caption&quot;:&quot;&quot;,&quot;created_timestamp&quot;:&quot;1429010044&quot;,&quot;copyright&quot;:&quot;&quot;,&quot;focal_length&quot;:&quot;16&quot;,&quot;iso&quot;:&quot;100&quot;,&quot;shutter_speed&quot;:&quot;0.005&quot;,&quot;title&quot;:&quot;&quot;,&quot;orientation&quot;:&quot;1&quot;}\" data-image-title=\"DSC01567\" data-image-description=\"\" data-medium-file=\"https:\/\/buchau.be\/espagne2015\/wp-content\/uploads\/2015\/04\/DSC01567-300x68.jpg\" data-large-file=\"https:\/\/buchau.be\/espagne2015\/wp-content\/uploads\/2015\/04\/DSC01567.jpg\" src=\"https:\/\/buchau.be\/espagne2015\/wp-content\/uploads\/2015\/04\/DSC01567.jpg\" width=\"467\" height=\"106\" align=\"left\" title=\"DSC01567\" \/><\/a><\/div><\/div><\/div><\/div>\n<p>Nous reprenons ensuite le m\u00e9tro pour rejoindre le <a href=\"http:\/\/www.museothyssen.org\/en\/thyssen\/home\" target=\"_blank\"><em>mus\u00e9e Thyssen-Bornemisza<\/em><\/a>, o\u00f9, outre la collection permanente tr\u00e8s abondante, nous irons admirer quelques toiles de <em>Paul Delvaux<\/em>, provenant -pour la plupart- du mus\u00e9e d&rsquo;Ixelles :-\/<\/p>\n<p>La <a href=\"http:\/\/www.fundacionmapfre.org\/fundacion\/en\/culture-history\/exhibitions\/exhibitions-in-madrid\/\" target=\"_blank\"><em>fundacion Mapfre<\/em><\/a> est notre \u00e9tape suivante; elle expose des toile provenant des r\u00e9serves du Mus\u00e9e d&rsquo;Orsay; c&rsquo;est principalement ax\u00e9 sur l&rsquo;orientalisme, que nous connaissons assez peu (euph\u00e9misme!).<\/p>\n<p>Le bus 27 nous m\u00e8ne ensuite aux alentours de la <em>plaza Dr Mara\u00f1on<\/em>, pr\u00e8s d&rsquo;o\u00f9 nous prendrons notre repas (il est alors presque 16:00), \u00e0 l&rsquo;endroit recommand\u00e9 par Eddy: <em><a href=\"http:\/\/lagabinoteca.es\/\" target=\"_blank\">la Gabinoteca<\/a><\/em>. La commande en elle-m\u00eame a d\u00e9j\u00e0 \u00e9t\u00e9 un sport: pas de carte en anglais (enfin, si, mais pas mise \u00e0 jour :-\/ ). Ceci dit, une petite app de traduction nous a aid\u00e9s \u00e0 comprendre certaines parties de la carte: la <em>cuchinera del dia<\/em>, les <em>verduras<\/em>, les <em>albondigas<\/em> et les <em>croquetas de jamon<\/em> \u00e9taient d\u00e9licieux!<\/p>\n<p>Ensuite, passage par le centre-ville, avec comme objectif (re)trouver le grand magasin <em>Desigual<\/em> vu depuis le bus hop-on\/hop-off au d\u00e9but du s\u00e9jour. Le quatri\u00e8me \u00e9tait le bon; merci <em>Gogole Maps<\/em>! Repus de culture, de croquetas et de nouveaux v\u00eatements (si, si, ils font aussi des chemises noires chez <em>Desigual<\/em>!), nous rentrons \u00e0 l&rsquo;h\u00f4tel pour profiter du <em>lounge<\/em> et regarder un petit film (hier, c&rsquo;\u00e9tait <em>In Bruges<\/em> et aujourd&rsquo;hui, <em>Barbecue<\/em>; on a beaucoup ri avec les deux!).<\/p>\n<div data-carousel-extra='{\"blog_id\":1,\"permalink\":\"https:\\\/\\\/buchau.be\\\/espagne2015\\\/2015\\\/04\\\/jour-8-arenas-thyssen-mapfre-gabinoteca-et-desigual\\\/\"}' class=\"tiled-gallery type-rectangular\" data-original-width=\"1140\"><div class=\"gallery-row\" style=\"width: 1135px; height: 182px;\"><div class=\"gallery-group images-1\" style=\"width: 328px; height: 186px;\"><div class=\"tiled-gallery-item tiled-gallery-item-full\"><a href=\"https:\/\/buchau.be\/espagne2015\/wp-content\/uploads\/2015\/04\/DSC01595.jpg\"><img loading=\"lazy\" decoding=\"async\" data-attachment-id=\"270\" data-orig-file=\"https:\/\/buchau.be\/espagne2015\/wp-content\/uploads\/2015\/04\/DSC01595.jpg\" data-orig-size=\"1000,561\" data-comments-opened=\"1\" data-image-meta=\"{&quot;aperture&quot;:&quot;4&quot;,&quot;credit&quot;:&quot;&quot;,&quot;camera&quot;:&quot;NEX-5R&quot;,&quot;caption&quot;:&quot;&quot;,&quot;created_timestamp&quot;:&quot;1429018180&quot;,&quot;copyright&quot;:&quot;&quot;,&quot;focal_length&quot;:&quot;23&quot;,&quot;iso&quot;:&quot;100&quot;,&quot;shutter_speed&quot;:&quot;0.0005&quot;,&quot;title&quot;:&quot;&quot;,&quot;orientation&quot;:&quot;1&quot;}\" data-image-title=\"DSC01595\" data-image-description=\"\" data-medium-file=\"https:\/\/buchau.be\/espagne2015\/wp-content\/uploads\/2015\/04\/DSC01595-300x168.jpg\" data-large-file=\"https:\/\/buchau.be\/espagne2015\/wp-content\/uploads\/2015\/04\/DSC01595.jpg\" src=\"https:\/\/buchau.be\/espagne2015\/wp-content\/uploads\/2015\/04\/DSC01595.jpg\" width=\"324\" height=\"182\" align=\"left\" title=\"DSC01595\" \/><\/a><\/div><\/div><div class=\"gallery-group images-1\" style=\"width: 807px; height: 186px;\"><div class=\"tiled-gallery-item tiled-gallery-item-full\"><a href=\"https:\/\/buchau.be\/espagne2015\/wp-content\/uploads\/2015\/04\/DSC01597.jpg\"><img loading=\"lazy\" decoding=\"async\" data-attachment-id=\"271\" data-orig-file=\"https:\/\/buchau.be\/espagne2015\/wp-content\/uploads\/2015\/04\/DSC01597.jpg\" data-orig-size=\"1000,226\" data-comments-opened=\"1\" data-image-meta=\"{&quot;aperture&quot;:&quot;8&quot;,&quot;credit&quot;:&quot;&quot;,&quot;camera&quot;:&quot;NEX-5R&quot;,&quot;caption&quot;:&quot;&quot;,&quot;created_timestamp&quot;:&quot;1429029334&quot;,&quot;copyright&quot;:&quot;&quot;,&quot;focal_length&quot;:&quot;16&quot;,&quot;iso&quot;:&quot;100&quot;,&quot;shutter_speed&quot;:&quot;0.00625&quot;,&quot;title&quot;:&quot;&quot;,&quot;orientation&quot;:&quot;1&quot;}\" data-image-title=\"DSC01597\" data-image-description=\"\" data-medium-file=\"https:\/\/buchau.be\/espagne2015\/wp-content\/uploads\/2015\/04\/DSC01597-300x68.jpg\" data-large-file=\"https:\/\/buchau.be\/espagne2015\/wp-content\/uploads\/2015\/04\/DSC01597.jpg\" src=\"https:\/\/buchau.be\/espagne2015\/wp-content\/uploads\/2015\/04\/DSC01597.jpg\" width=\"803\" height=\"182\" align=\"left\" title=\"DSC01597\" \/><\/a><\/div><\/div><\/div><\/div>\n<p>A nouveau, une belle journ\u00e9e&#8230;<\/p>\n","protected":false},"excerpt":{"rendered":"<p>On a repris notre rallye des mus\u00e9es ce matin&#8230; euh, ce midi&#8230; Nous nous sommes d&rsquo;abord arr\u00eat\u00e9s aux ar\u00e8nes de las Ventas, LES ar\u00e8nes madril\u00e8nes! Vous le savez probablement d\u00e9j\u00e0, nous avons \u00ab\u00a0un truc\u00a0\u00bb avec les taureaux mais&#8230; nous ne supportons pas le spectacle de la corrida (surtout le sang et les cons\u00e9quences toujours f\u00e2cheuses [&hellip;]<\/p>\n","protected":false},"author":1,"featured_media":0,"comment_status":"open","ping_status":"closed","sticky":false,"template":"","format":"standard","meta":{"footnotes":""},"categories":[4],"tags":[],"class_list":["post-261","post","type-post","status-publish","format-standard","hentry","category-madrid"],"_links":{"self":[{"href":"https:\/\/buchau.be\/espagne2015\/wp-json\/wp\/v2\/posts\/261","targetHints":{"allow":["GET"]}}],"collection":[{"href":"https:\/\/buchau.be\/espagne2015\/wp-json\/wp\/v2\/posts"}],"about":[{"href":"https:\/\/buchau.be\/espagne2015\/wp-json\/wp\/v2\/types\/post"}],"author":[{"embeddable":true,"href":"https:\/\/buchau.be\/espagne2015\/wp-json\/wp\/v2\/users\/1"}],"replies":[{"embeddable":true,"href":"https:\/\/buchau.be\/espagne2015\/wp-json\/wp\/v2\/comments?post=261"}],"version-history":[{"count":2,"href":"https:\/\/buchau.be\/espagne2015\/wp-json\/wp\/v2\/posts\/261\/revisions"}],"predecessor-version":[{"id":273,"href":"https:\/\/buchau.be\/espagne2015\/wp-json\/wp\/v2\/posts\/261\/revisions\/273"}],"wp:attachment":[{"href":"https:\/\/buchau.be\/espagne2015\/wp-json\/wp\/v2\/media?parent=261"}],"wp:term":[{"taxonomy":"category","embeddable":true,"href":"https:\/\/buchau.be\/espagne2015\/wp-json\/wp\/v2\/categories?post=261"},{"taxonomy":"post_tag","embeddable":true,"href":"https:\/\/buchau.be\/espagne2015\/wp-json\/wp\/v2\/tags?post=261"}],"curies":[{"name":"wp","href":"https:\/\/api.w.org\/{rel}","templated":true}]}}