{"id":300,"date":"2015-04-17T12:16:02","date_gmt":"2015-04-17T10:16:02","guid":{"rendered":"http:\/\/buchau.be\/espagne2015\/?p=300"},"modified":"2015-04-17T12:16:35","modified_gmt":"2015-04-17T10:16:35","slug":"jour-10-palais-royal-et-fundacion-telefonica","status":"publish","type":"post","link":"https:\/\/buchau.be\/espagne2015\/2015\/04\/jour-10-palais-royal-et-fundacion-telefonica\/","title":{"rendered":"Jour 10: Palais royal et Fundacion Telefonica"},"content":{"rendered":"<p>Pour notre derni\u00e8re journ\u00e9e en <em>Espagne<\/em>, nous d\u00e9cidons de visiter le <a href=\"http:\/\/www.patrimonionacional.es\/en\/real-sitio\/palacios\/6039\" target=\"_blank\"><em>Palais royal de Madrid<\/em><\/a>. La visite est int\u00e9ressante mais le d\u00e9cor du palais ne nous plait gu\u00e8re&#8230; trop charg\u00e9!<\/p>\n<div data-carousel-extra='{\"blog_id\":1,\"permalink\":\"https:\\\/\\\/buchau.be\\\/espagne2015\\\/2015\\\/04\\\/jour-10-palais-royal-et-fundacion-telefonica\\\/\"}' class=\"tiled-gallery type-rectangular\" data-original-width=\"1140\"><div class=\"gallery-row\" style=\"width: 1135px; height: 141px;\"><div class=\"gallery-group images-1\" style=\"width: 255px; height: 145px;\"><div class=\"tiled-gallery-item tiled-gallery-item-full\"><a href=\"https:\/\/buchau.be\/espagne2015\/wp-content\/uploads\/2015\/04\/DSC01652.jpg\"><img loading=\"lazy\" decoding=\"async\" data-attachment-id=\"301\" data-orig-file=\"https:\/\/buchau.be\/espagne2015\/wp-content\/uploads\/2015\/04\/DSC01652.jpg\" data-orig-size=\"1000,561\" data-comments-opened=\"1\" data-image-meta=\"{&quot;aperture&quot;:&quot;3.5&quot;,&quot;credit&quot;:&quot;&quot;,&quot;camera&quot;:&quot;NEX-5R&quot;,&quot;caption&quot;:&quot;&quot;,&quot;created_timestamp&quot;:&quot;1429180493&quot;,&quot;copyright&quot;:&quot;&quot;,&quot;focal_length&quot;:&quot;16&quot;,&quot;iso&quot;:&quot;100&quot;,&quot;shutter_speed&quot;:&quot;0.000625&quot;,&quot;title&quot;:&quot;&quot;,&quot;orientation&quot;:&quot;1&quot;}\" data-image-title=\"DSC01652\" data-image-description=\"\" data-medium-file=\"https:\/\/buchau.be\/espagne2015\/wp-content\/uploads\/2015\/04\/DSC01652-300x168.jpg\" data-large-file=\"https:\/\/buchau.be\/espagne2015\/wp-content\/uploads\/2015\/04\/DSC01652.jpg\" src=\"https:\/\/buchau.be\/espagne2015\/wp-content\/uploads\/2015\/04\/DSC01652.jpg\" width=\"251\" height=\"141\" align=\"left\" title=\"DSC01652\" \/><\/a><\/div><\/div><div class=\"gallery-group images-1\" style=\"width: 626px; height: 145px;\"><div class=\"tiled-gallery-item tiled-gallery-item-full\"><a href=\"https:\/\/buchau.be\/espagne2015\/wp-content\/uploads\/2015\/04\/DSC01654.jpg\"><img loading=\"lazy\" decoding=\"async\" data-attachment-id=\"302\" data-orig-file=\"https:\/\/buchau.be\/espagne2015\/wp-content\/uploads\/2015\/04\/DSC01654.jpg\" data-orig-size=\"1000,226\" data-comments-opened=\"1\" data-image-meta=\"{&quot;aperture&quot;:&quot;11&quot;,&quot;credit&quot;:&quot;&quot;,&quot;camera&quot;:&quot;NEX-5R&quot;,&quot;caption&quot;:&quot;&quot;,&quot;created_timestamp&quot;:&quot;1429180934&quot;,&quot;copyright&quot;:&quot;&quot;,&quot;focal_length&quot;:&quot;16&quot;,&quot;iso&quot;:&quot;100&quot;,&quot;shutter_speed&quot;:&quot;0.004&quot;,&quot;title&quot;:&quot;&quot;,&quot;orientation&quot;:&quot;1&quot;}\" data-image-title=\"DSC01654\" data-image-description=\"\" data-medium-file=\"https:\/\/buchau.be\/espagne2015\/wp-content\/uploads\/2015\/04\/DSC01654-300x68.jpg\" data-large-file=\"https:\/\/buchau.be\/espagne2015\/wp-content\/uploads\/2015\/04\/DSC01654.jpg\" src=\"https:\/\/buchau.be\/espagne2015\/wp-content\/uploads\/2015\/04\/DSC01654.jpg\" width=\"622\" height=\"141\" align=\"left\" title=\"DSC01654\" \/><\/a><\/div><\/div><div class=\"gallery-group images-1\" style=\"width: 254px; height: 145px;\"><div class=\"tiled-gallery-item tiled-gallery-item-full\"><a href=\"https:\/\/buchau.be\/espagne2015\/wp-content\/uploads\/2015\/04\/DSC01655.jpg\"><img loading=\"lazy\" decoding=\"async\" data-attachment-id=\"303\" data-orig-file=\"https:\/\/buchau.be\/espagne2015\/wp-content\/uploads\/2015\/04\/DSC01655.jpg\" data-orig-size=\"1000,561\" data-comments-opened=\"1\" data-image-meta=\"{&quot;aperture&quot;:&quot;3.5&quot;,&quot;credit&quot;:&quot;&quot;,&quot;camera&quot;:&quot;NEX-5R&quot;,&quot;caption&quot;:&quot;&quot;,&quot;created_timestamp&quot;:&quot;1429180956&quot;,&quot;copyright&quot;:&quot;&quot;,&quot;focal_length&quot;:&quot;16&quot;,&quot;iso&quot;:&quot;100&quot;,&quot;shutter_speed&quot;:&quot;0.0005&quot;,&quot;title&quot;:&quot;&quot;,&quot;orientation&quot;:&quot;1&quot;}\" data-image-title=\"DSC01655\" data-image-description=\"\" data-medium-file=\"https:\/\/buchau.be\/espagne2015\/wp-content\/uploads\/2015\/04\/DSC01655-300x168.jpg\" data-large-file=\"https:\/\/buchau.be\/espagne2015\/wp-content\/uploads\/2015\/04\/DSC01655.jpg\" src=\"https:\/\/buchau.be\/espagne2015\/wp-content\/uploads\/2015\/04\/DSC01655.jpg\" width=\"250\" height=\"141\" align=\"left\" title=\"DSC01655\" \/><\/a><\/div><\/div><\/div><\/div>\n<p>Ce matin, il fait (encore) plus frais&#8230; il a plu juste avant que nous arrivions dans le centre-ville.<\/p>\n<p>Apr\u00e8s la visite, nous rejoignons le centre-ville (commercial) pour visiter l&rsquo; <a href=\"http:\/\/espacio.fundaciontelefonica.com\/\" target=\"_blank\"><em>Espacio Fundacion Telefonica<\/em><\/a>, l&rsquo;espace culturel \/ d&rsquo;exposition d&rsquo;un g\u00e9ant des t\u00e9l\u00e9coms local. Nous appr\u00e9cions les vieux engins t\u00e9l\u00e9phoniques expos\u00e9s ainsi que les 3 expos temporaires, avec une mentions sp\u00e9ciale pour celle consacr\u00e9e \u00e0 la lumi\u00e8re de <a href=\"http:\/\/www.jimcampbell.tv\/\" target=\"_blank\"><em>Jim Campbell<\/em><\/a> (comme la soupe!).<\/p>\n<p>Nous rentrons \u00e0 l&rsquo;h\u00f4tel, prenons l&rsquo;ap\u00e9ro (il est 14:30), faisons les valises, prenons la navette vers l&rsquo;a\u00e9roport, faisons la file, enregistrons nos bagages, mangeons (il est 16:30), montons dans l&rsquo;avion, descendons de l&rsquo;avion, r\u00e9cup\u00e9rons nos bagages, montons dans le bus 681 vers le parking, sortons la voiture, nous perdons dans les alentours de l&rsquo;a\u00e9roport, rentrons \u00e0 la maison&#8230;<\/p>\n<p>Bref, un excellent voyage au niveau des visites. La chaleur eut pu \u00eatre plus intense mais on a bien profit\u00e9 du soleil!<\/p>\n<p>@ bient\u00f4t et encore un grand merci pour vos commentaires qui continuent de nous faire rire et de nous instruire&#8230;<\/p>\n","protected":false},"excerpt":{"rendered":"<p>Pour notre derni\u00e8re journ\u00e9e en Espagne, nous d\u00e9cidons de visiter le Palais royal de Madrid. La visite est int\u00e9ressante mais le d\u00e9cor du palais ne nous plait gu\u00e8re&#8230; trop charg\u00e9! Ce matin, il fait (encore) plus frais&#8230; il a plu juste avant que nous arrivions dans le centre-ville. Apr\u00e8s la visite, nous rejoignons le centre-ville [&hellip;]<\/p>\n","protected":false},"author":1,"featured_media":0,"comment_status":"open","ping_status":"closed","sticky":false,"template":"","format":"standard","meta":{"footnotes":""},"categories":[4],"tags":[],"class_list":["post-300","post","type-post","status-publish","format-standard","hentry","category-madrid"],"_links":{"self":[{"href":"https:\/\/buchau.be\/espagne2015\/wp-json\/wp\/v2\/posts\/300","targetHints":{"allow":["GET"]}}],"collection":[{"href":"https:\/\/buchau.be\/espagne2015\/wp-json\/wp\/v2\/posts"}],"about":[{"href":"https:\/\/buchau.be\/espagne2015\/wp-json\/wp\/v2\/types\/post"}],"author":[{"embeddable":true,"href":"https:\/\/buchau.be\/espagne2015\/wp-json\/wp\/v2\/users\/1"}],"replies":[{"embeddable":true,"href":"https:\/\/buchau.be\/espagne2015\/wp-json\/wp\/v2\/comments?post=300"}],"version-history":[{"count":2,"href":"https:\/\/buchau.be\/espagne2015\/wp-json\/wp\/v2\/posts\/300\/revisions"}],"predecessor-version":[{"id":305,"href":"https:\/\/buchau.be\/espagne2015\/wp-json\/wp\/v2\/posts\/300\/revisions\/305"}],"wp:attachment":[{"href":"https:\/\/buchau.be\/espagne2015\/wp-json\/wp\/v2\/media?parent=300"}],"wp:term":[{"taxonomy":"category","embeddable":true,"href":"https:\/\/buchau.be\/espagne2015\/wp-json\/wp\/v2\/categories?post=300"},{"taxonomy":"post_tag","embeddable":true,"href":"https:\/\/buchau.be\/espagne2015\/wp-json\/wp\/v2\/tags?post=300"}],"curies":[{"name":"wp","href":"https:\/\/api.w.org\/{rel}","templated":true}]}}