{"id":69,"date":"2015-04-08T20:35:00","date_gmt":"2015-04-08T18:35:00","guid":{"rendered":"http:\/\/buchau.be\/espagne2015\/?p=69"},"modified":"2015-04-08T20:35:59","modified_gmt":"2015-04-08T18:35:59","slug":"jour-2-la-rambla-el-raval-torre-agbar-barceloneta-mas","status":"publish","type":"post","link":"https:\/\/buchau.be\/espagne2015\/2015\/04\/jour-2-la-rambla-el-raval-torre-agbar-barceloneta-mas\/","title":{"rendered":"Jour 2: La Rambla, El Raval, Torre Agbar &#038; Barceloneta mas"},"content":{"rendered":"<p>On commence la journ\u00e9e \u00e0 l&rsquo;aise&#8230; et tard: on se met en route vers 10:30 (pour se rendre compte 15&prime; plus tard que j&rsquo;ai publi\u00e9 l&rsquo;appareil photo :-\/ ). On commence par un passage dans le <em>Mercat de la Boqueria<\/em>, o\u00f9 l&rsquo;on peut trouver tous les produits locaux en abondance; c&rsquo;est color\u00e9, \u00e7a sent bon, c&rsquo;est anim\u00e9,&#8230; c&rsquo;est un march\u00e9! On continue, non loin de l\u00e0, par la visite du <em>MACBA<\/em>; les expos ne sont pas transcendantes (trop peu de sculptures, de peintures et d&rsquo;installations \u00e0 notre go\u00fbt; on reviendra!). On passe au mus\u00e9e voisin: le <em>CCCB<\/em> (Centre Culturel Catalan de Barcelone), dans lequel il y a une expo photo tr\u00e8s agr\u00e9able et une projection vid\u00e9o en 3D (d&rsquo;o\u00f9 la photo avec les lunettes ridicule [au singulier car c&rsquo;est la photo qui l&rsquo;est]). En sortant, il fait beau, doux, il y a une terrasse, c&rsquo;est l&rsquo;heure du lunch&#8230; On s&rsquo;assied, longtemps; on profite!<\/p>\n<p>On se remet en route pour tirer le portrait de la tour <em>Jean Nouvel<\/em>, la la <em>Torre Agbar<\/em>, pour Jules.<\/p>\n<p>On prend le tram pour rejoindre la plage pour retrouver le jus kiwi-mangue-ananas d&rsquo;hier: mission accomplie! Toujours aussi d\u00e9licieux&#8230; en s&rsquo;y rendant, on admire les sk8ters, les bmx et les patinettes au &lsquo;skate park&rsquo;; \u00e7a fait tr\u00e8s <em>Venice beach<\/em> \ud83d\ude42<\/p>\n<p>On marche jusqu&rsquo;\u00e0 la <em>platja de Barceloneta<\/em> puis on prend le bus pour rentrer \u00e0 l&rsquo;h\u00f4tel. On est pris dans le bouchons: le <em>Bar\u00e7a<\/em> joue ce soir contre <em>Almeria<\/em> (si j&rsquo;ai bien vu) et le stade est tout \u00e0 c\u00f4t\u00e9 de l&rsquo;h\u00f4tel (<em>DUF<\/em>, je dois te ramener quelque chose?).<\/p>\n<p>On va manger pr\u00e8s de l&rsquo;h\u00f4tel&#8230;<\/p>\n<p>Une bien belle journ\u00e9e \ud83d\ude09<\/p>\n<div data-carousel-extra='{\"blog_id\":1,\"permalink\":\"https:\\\/\\\/buchau.be\\\/espagne2015\\\/2015\\\/04\\\/jour-2-la-rambla-el-raval-torre-agbar-barceloneta-mas\\\/\"}' class=\"tiled-gallery type-rectangular\" data-original-width=\"1140\"><div class=\"gallery-row\" style=\"width: 1135px; height: 272px;\"><div class=\"gallery-group images-1\" style=\"width: 489px; height: 276px;\"><div class=\"tiled-gallery-item tiled-gallery-item-full\"><a href=\"https:\/\/buchau.be\/espagne2015\/wp-content\/uploads\/2015\/04\/DSC01184.jpg\"><img loading=\"lazy\" decoding=\"async\" data-attachment-id=\"70\" data-orig-file=\"https:\/\/buchau.be\/espagne2015\/wp-content\/uploads\/2015\/04\/DSC01184.jpg\" data-orig-size=\"1000,561\" data-comments-opened=\"1\" data-image-meta=\"{&quot;aperture&quot;:&quot;8&quot;,&quot;credit&quot;:&quot;&quot;,&quot;camera&quot;:&quot;NEX-5R&quot;,&quot;caption&quot;:&quot;&quot;,&quot;created_timestamp&quot;:&quot;1428489570&quot;,&quot;copyright&quot;:&quot;&quot;,&quot;focal_length&quot;:&quot;36&quot;,&quot;iso&quot;:&quot;100&quot;,&quot;shutter_speed&quot;:&quot;0.0125&quot;,&quot;title&quot;:&quot;&quot;,&quot;orientation&quot;:&quot;1&quot;}\" data-image-title=\"DSC01184\" data-image-description=\"\" data-medium-file=\"https:\/\/buchau.be\/espagne2015\/wp-content\/uploads\/2015\/04\/DSC01184-300x168.jpg\" data-large-file=\"https:\/\/buchau.be\/espagne2015\/wp-content\/uploads\/2015\/04\/DSC01184.jpg\" src=\"https:\/\/buchau.be\/espagne2015\/wp-content\/uploads\/2015\/04\/DSC01184.jpg\" width=\"485\" height=\"272\" align=\"left\" title=\"DSC01184\" \/><\/a><\/div><\/div><div class=\"gallery-group images-1\" style=\"width: 489px; height: 276px;\"><div class=\"tiled-gallery-item tiled-gallery-item-full\"><a href=\"https:\/\/buchau.be\/espagne2015\/wp-content\/uploads\/2015\/04\/DSC01187.jpg\"><img loading=\"lazy\" decoding=\"async\" data-attachment-id=\"71\" data-orig-file=\"https:\/\/buchau.be\/espagne2015\/wp-content\/uploads\/2015\/04\/DSC01187.jpg\" data-orig-size=\"1000,561\" data-comments-opened=\"1\" data-image-meta=\"{&quot;aperture&quot;:&quot;6.3&quot;,&quot;credit&quot;:&quot;&quot;,&quot;camera&quot;:&quot;NEX-5R&quot;,&quot;caption&quot;:&quot;&quot;,&quot;created_timestamp&quot;:&quot;1428489726&quot;,&quot;copyright&quot;:&quot;&quot;,&quot;focal_length&quot;:&quot;16&quot;,&quot;iso&quot;:&quot;200&quot;,&quot;shutter_speed&quot;:&quot;0.016666666666667&quot;,&quot;title&quot;:&quot;&quot;,&quot;orientation&quot;:&quot;1&quot;}\" data-image-title=\"DSC01187\" data-image-description=\"\" data-medium-file=\"https:\/\/buchau.be\/espagne2015\/wp-content\/uploads\/2015\/04\/DSC01187-300x168.jpg\" data-large-file=\"https:\/\/buchau.be\/espagne2015\/wp-content\/uploads\/2015\/04\/DSC01187.jpg\" src=\"https:\/\/buchau.be\/espagne2015\/wp-content\/uploads\/2015\/04\/DSC01187.jpg\" width=\"485\" height=\"272\" align=\"left\" title=\"DSC01187\" \/><\/a><\/div><\/div><div class=\"gallery-group images-1\" style=\"width: 157px; height: 276px;\"><div class=\"tiled-gallery-item tiled-gallery-item-full\"><a href=\"https:\/\/buchau.be\/espagne2015\/wp-content\/uploads\/2015\/04\/DSC01189.jpg\"><img loading=\"lazy\" decoding=\"async\" data-attachment-id=\"72\" data-orig-file=\"https:\/\/buchau.be\/espagne2015\/wp-content\/uploads\/2015\/04\/DSC01189.jpg\" data-orig-size=\"561,1000\" data-comments-opened=\"1\" data-image-meta=\"{&quot;aperture&quot;:&quot;6.3&quot;,&quot;credit&quot;:&quot;&quot;,&quot;camera&quot;:&quot;NEX-5R&quot;,&quot;caption&quot;:&quot;&quot;,&quot;created_timestamp&quot;:&quot;1428489798&quot;,&quot;copyright&quot;:&quot;&quot;,&quot;focal_length&quot;:&quot;16&quot;,&quot;iso&quot;:&quot;800&quot;,&quot;shutter_speed&quot;:&quot;0.016666666666667&quot;,&quot;title&quot;:&quot;&quot;,&quot;orientation&quot;:&quot;1&quot;}\" data-image-title=\"DSC01189\" data-image-description=\"\" data-medium-file=\"https:\/\/buchau.be\/espagne2015\/wp-content\/uploads\/2015\/04\/DSC01189-168x300.jpg\" data-large-file=\"https:\/\/buchau.be\/espagne2015\/wp-content\/uploads\/2015\/04\/DSC01189.jpg\" src=\"https:\/\/buchau.be\/espagne2015\/wp-content\/uploads\/2015\/04\/DSC01189.jpg\" width=\"153\" height=\"272\" align=\"left\" title=\"DSC01189\" \/><\/a><\/div><\/div><\/div><div class=\"gallery-row\" style=\"width: 1135px; height: 316px;\"><div class=\"gallery-group images-1\" style=\"width: 568px; height: 320px;\"><div class=\"tiled-gallery-item tiled-gallery-item-full\"><a href=\"https:\/\/buchau.be\/espagne2015\/wp-content\/uploads\/2015\/04\/DSC01190.jpg\"><img loading=\"lazy\" decoding=\"async\" data-attachment-id=\"73\" data-orig-file=\"https:\/\/buchau.be\/espagne2015\/wp-content\/uploads\/2015\/04\/DSC01190.jpg\" data-orig-size=\"1000,561\" data-comments-opened=\"1\" data-image-meta=\"{&quot;aperture&quot;:&quot;6.3&quot;,&quot;credit&quot;:&quot;&quot;,&quot;camera&quot;:&quot;NEX-5R&quot;,&quot;caption&quot;:&quot;&quot;,&quot;created_timestamp&quot;:&quot;1428489914&quot;,&quot;copyright&quot;:&quot;&quot;,&quot;focal_length&quot;:&quot;20&quot;,&quot;iso&quot;:&quot;640&quot;,&quot;shutter_speed&quot;:&quot;0.016666666666667&quot;,&quot;title&quot;:&quot;&quot;,&quot;orientation&quot;:&quot;1&quot;}\" data-image-title=\"DSC01190\" data-image-description=\"\" data-medium-file=\"https:\/\/buchau.be\/espagne2015\/wp-content\/uploads\/2015\/04\/DSC01190-300x168.jpg\" data-large-file=\"https:\/\/buchau.be\/espagne2015\/wp-content\/uploads\/2015\/04\/DSC01190.jpg\" src=\"https:\/\/buchau.be\/espagne2015\/wp-content\/uploads\/2015\/04\/DSC01190.jpg\" width=\"564\" height=\"316\" align=\"left\" title=\"DSC01190\" \/><\/a><\/div><\/div><div class=\"gallery-group images-1\" style=\"width: 567px; height: 320px;\"><div class=\"tiled-gallery-item tiled-gallery-item-full\"><a href=\"https:\/\/buchau.be\/espagne2015\/wp-content\/uploads\/2015\/04\/DSC01195.jpg\"><img loading=\"lazy\" decoding=\"async\" data-attachment-id=\"74\" data-orig-file=\"https:\/\/buchau.be\/espagne2015\/wp-content\/uploads\/2015\/04\/DSC01195.jpg\" data-orig-size=\"1000,561\" data-comments-opened=\"1\" data-image-meta=\"{&quot;aperture&quot;:&quot;6.3&quot;,&quot;credit&quot;:&quot;&quot;,&quot;camera&quot;:&quot;NEX-5R&quot;,&quot;caption&quot;:&quot;&quot;,&quot;created_timestamp&quot;:&quot;1428489983&quot;,&quot;copyright&quot;:&quot;&quot;,&quot;focal_length&quot;:&quot;17&quot;,&quot;iso&quot;:&quot;500&quot;,&quot;shutter_speed&quot;:&quot;0.016666666666667&quot;,&quot;title&quot;:&quot;&quot;,&quot;orientation&quot;:&quot;1&quot;}\" data-image-title=\"DSC01195\" data-image-description=\"\" data-medium-file=\"https:\/\/buchau.be\/espagne2015\/wp-content\/uploads\/2015\/04\/DSC01195-300x168.jpg\" data-large-file=\"https:\/\/buchau.be\/espagne2015\/wp-content\/uploads\/2015\/04\/DSC01195.jpg\" src=\"https:\/\/buchau.be\/espagne2015\/wp-content\/uploads\/2015\/04\/DSC01195.jpg\" width=\"563\" height=\"316\" align=\"left\" title=\"DSC01195\" \/><\/a><\/div><\/div><\/div><div class=\"gallery-row\" style=\"width: 1135px; height: 141px;\"><div class=\"gallery-group images-1\" style=\"width: 255px; height: 145px;\"><div class=\"tiled-gallery-item tiled-gallery-item-full\"><a href=\"https:\/\/buchau.be\/espagne2015\/wp-content\/uploads\/2015\/04\/DSC01197.jpg\"><img loading=\"lazy\" decoding=\"async\" data-attachment-id=\"75\" data-orig-file=\"https:\/\/buchau.be\/espagne2015\/wp-content\/uploads\/2015\/04\/DSC01197.jpg\" data-orig-size=\"1000,561\" data-comments-opened=\"1\" data-image-meta=\"{&quot;aperture&quot;:&quot;6.3&quot;,&quot;credit&quot;:&quot;&quot;,&quot;camera&quot;:&quot;NEX-5R&quot;,&quot;caption&quot;:&quot;&quot;,&quot;created_timestamp&quot;:&quot;1428490046&quot;,&quot;copyright&quot;:&quot;&quot;,&quot;focal_length&quot;:&quot;16&quot;,&quot;iso&quot;:&quot;640&quot;,&quot;shutter_speed&quot;:&quot;0.016666666666667&quot;,&quot;title&quot;:&quot;&quot;,&quot;orientation&quot;:&quot;1&quot;}\" data-image-title=\"DSC01197\" data-image-description=\"\" data-medium-file=\"https:\/\/buchau.be\/espagne2015\/wp-content\/uploads\/2015\/04\/DSC01197-300x168.jpg\" data-large-file=\"https:\/\/buchau.be\/espagne2015\/wp-content\/uploads\/2015\/04\/DSC01197.jpg\" src=\"https:\/\/buchau.be\/espagne2015\/wp-content\/uploads\/2015\/04\/DSC01197.jpg\" width=\"251\" height=\"141\" align=\"left\" title=\"DSC01197\" \/><\/a><\/div><\/div><div class=\"gallery-group images-1\" style=\"width: 626px; height: 145px;\"><div class=\"tiled-gallery-item tiled-gallery-item-full\"><a href=\"https:\/\/buchau.be\/espagne2015\/wp-content\/uploads\/2015\/04\/DSC01199.jpg\"><img loading=\"lazy\" decoding=\"async\" data-attachment-id=\"76\" data-orig-file=\"https:\/\/buchau.be\/espagne2015\/wp-content\/uploads\/2015\/04\/DSC01199.jpg\" data-orig-size=\"1000,226\" data-comments-opened=\"1\" data-image-meta=\"{&quot;aperture&quot;:&quot;11&quot;,&quot;credit&quot;:&quot;&quot;,&quot;camera&quot;:&quot;NEX-5R&quot;,&quot;caption&quot;:&quot;&quot;,&quot;created_timestamp&quot;:&quot;1428491138&quot;,&quot;copyright&quot;:&quot;&quot;,&quot;focal_length&quot;:&quot;16&quot;,&quot;iso&quot;:&quot;100&quot;,&quot;shutter_speed&quot;:&quot;0.004&quot;,&quot;title&quot;:&quot;&quot;,&quot;orientation&quot;:&quot;1&quot;}\" data-image-title=\"DSC01199\" data-image-description=\"\" data-medium-file=\"https:\/\/buchau.be\/espagne2015\/wp-content\/uploads\/2015\/04\/DSC01199-300x68.jpg\" data-large-file=\"https:\/\/buchau.be\/espagne2015\/wp-content\/uploads\/2015\/04\/DSC01199.jpg\" src=\"https:\/\/buchau.be\/espagne2015\/wp-content\/uploads\/2015\/04\/DSC01199.jpg\" width=\"622\" height=\"141\" align=\"left\" title=\"DSC01199\" \/><\/a><\/div><\/div><div class=\"gallery-group images-1\" style=\"width: 254px; height: 145px;\"><div class=\"tiled-gallery-item tiled-gallery-item-full\"><a href=\"https:\/\/buchau.be\/espagne2015\/wp-content\/uploads\/2015\/04\/DSC01200.jpg\"><img loading=\"lazy\" decoding=\"async\" data-attachment-id=\"77\" data-orig-file=\"https:\/\/buchau.be\/espagne2015\/wp-content\/uploads\/2015\/04\/DSC01200.jpg\" data-orig-size=\"1000,561\" data-comments-opened=\"1\" data-image-meta=\"{&quot;aperture&quot;:&quot;6.3&quot;,&quot;credit&quot;:&quot;&quot;,&quot;camera&quot;:&quot;NEX-5R&quot;,&quot;caption&quot;:&quot;&quot;,&quot;created_timestamp&quot;:&quot;1428491345&quot;,&quot;copyright&quot;:&quot;&quot;,&quot;focal_length&quot;:&quot;16&quot;,&quot;iso&quot;:&quot;100&quot;,&quot;shutter_speed&quot;:&quot;0.0025&quot;,&quot;title&quot;:&quot;&quot;,&quot;orientation&quot;:&quot;1&quot;}\" data-image-title=\"DSC01200\" data-image-description=\"\" data-medium-file=\"https:\/\/buchau.be\/espagne2015\/wp-content\/uploads\/2015\/04\/DSC01200-300x168.jpg\" data-large-file=\"https:\/\/buchau.be\/espagne2015\/wp-content\/uploads\/2015\/04\/DSC01200.jpg\" src=\"https:\/\/buchau.be\/espagne2015\/wp-content\/uploads\/2015\/04\/DSC01200.jpg\" width=\"250\" height=\"141\" align=\"left\" title=\"DSC01200\" \/><\/a><\/div><\/div><\/div><div class=\"gallery-row\" style=\"width: 1135px; height: 316px;\"><div class=\"gallery-group images-1\" style=\"width: 568px; height: 320px;\"><div class=\"tiled-gallery-item tiled-gallery-item-full\"><a href=\"https:\/\/buchau.be\/espagne2015\/wp-content\/uploads\/2015\/04\/DSC01201.jpg\"><img loading=\"lazy\" decoding=\"async\" data-attachment-id=\"78\" data-orig-file=\"https:\/\/buchau.be\/espagne2015\/wp-content\/uploads\/2015\/04\/DSC01201.jpg\" data-orig-size=\"1000,561\" data-comments-opened=\"1\" data-image-meta=\"{&quot;aperture&quot;:&quot;6.3&quot;,&quot;credit&quot;:&quot;&quot;,&quot;camera&quot;:&quot;NEX-5R&quot;,&quot;caption&quot;:&quot;&quot;,&quot;created_timestamp&quot;:&quot;1428491361&quot;,&quot;copyright&quot;:&quot;&quot;,&quot;focal_length&quot;:&quot;19&quot;,&quot;iso&quot;:&quot;100&quot;,&quot;shutter_speed&quot;:&quot;0.003125&quot;,&quot;title&quot;:&quot;&quot;,&quot;orientation&quot;:&quot;1&quot;}\" data-image-title=\"DSC01201\" data-image-description=\"\" data-medium-file=\"https:\/\/buchau.be\/espagne2015\/wp-content\/uploads\/2015\/04\/DSC01201-300x168.jpg\" data-large-file=\"https:\/\/buchau.be\/espagne2015\/wp-content\/uploads\/2015\/04\/DSC01201.jpg\" src=\"https:\/\/buchau.be\/espagne2015\/wp-content\/uploads\/2015\/04\/DSC01201.jpg\" width=\"564\" height=\"316\" align=\"left\" title=\"DSC01201\" \/><\/a><\/div><\/div><div class=\"gallery-group images-1\" style=\"width: 567px; height: 320px;\"><div class=\"tiled-gallery-item tiled-gallery-item-full\"><a href=\"https:\/\/buchau.be\/espagne2015\/wp-content\/uploads\/2015\/04\/DSC01203.jpg\"><img loading=\"lazy\" decoding=\"async\" data-attachment-id=\"79\" data-orig-file=\"https:\/\/buchau.be\/espagne2015\/wp-content\/uploads\/2015\/04\/DSC01203.jpg\" data-orig-size=\"1000,561\" data-comments-opened=\"1\" data-image-meta=\"{&quot;aperture&quot;:&quot;6.3&quot;,&quot;credit&quot;:&quot;&quot;,&quot;camera&quot;:&quot;NEX-5R&quot;,&quot;caption&quot;:&quot;&quot;,&quot;created_timestamp&quot;:&quot;1428491656&quot;,&quot;copyright&quot;:&quot;&quot;,&quot;focal_length&quot;:&quot;23&quot;,&quot;iso&quot;:&quot;3200&quot;,&quot;shutter_speed&quot;:&quot;0.016666666666667&quot;,&quot;title&quot;:&quot;&quot;,&quot;orientation&quot;:&quot;1&quot;}\" data-image-title=\"DSC01203\" data-image-description=\"\" data-medium-file=\"https:\/\/buchau.be\/espagne2015\/wp-content\/uploads\/2015\/04\/DSC01203-300x168.jpg\" data-large-file=\"https:\/\/buchau.be\/espagne2015\/wp-content\/uploads\/2015\/04\/DSC01203.jpg\" src=\"https:\/\/buchau.be\/espagne2015\/wp-content\/uploads\/2015\/04\/DSC01203.jpg\" width=\"563\" height=\"316\" align=\"left\" title=\"DSC01203\" \/><\/a><\/div><\/div><\/div><div class=\"gallery-row\" style=\"width: 1135px; height: 210px;\"><div class=\"gallery-group images-1\" style=\"width: 379px; height: 214px;\"><div class=\"tiled-gallery-item tiled-gallery-item-full\"><a href=\"https:\/\/buchau.be\/espagne2015\/wp-content\/uploads\/2015\/04\/DSC01212.jpg\"><img loading=\"lazy\" decoding=\"async\" data-attachment-id=\"80\" data-orig-file=\"https:\/\/buchau.be\/espagne2015\/wp-content\/uploads\/2015\/04\/DSC01212.jpg\" data-orig-size=\"1000,561\" data-comments-opened=\"1\" data-image-meta=\"{&quot;aperture&quot;:&quot;6.3&quot;,&quot;credit&quot;:&quot;&quot;,&quot;camera&quot;:&quot;NEX-5R&quot;,&quot;caption&quot;:&quot;&quot;,&quot;created_timestamp&quot;:&quot;1428492960&quot;,&quot;copyright&quot;:&quot;&quot;,&quot;focal_length&quot;:&quot;46&quot;,&quot;iso&quot;:&quot;3200&quot;,&quot;shutter_speed&quot;:&quot;0.02&quot;,&quot;title&quot;:&quot;&quot;,&quot;orientation&quot;:&quot;1&quot;}\" data-image-title=\"DSC01212\" data-image-description=\"\" data-medium-file=\"https:\/\/buchau.be\/espagne2015\/wp-content\/uploads\/2015\/04\/DSC01212-300x168.jpg\" data-large-file=\"https:\/\/buchau.be\/espagne2015\/wp-content\/uploads\/2015\/04\/DSC01212.jpg\" src=\"https:\/\/buchau.be\/espagne2015\/wp-content\/uploads\/2015\/04\/DSC01212.jpg\" width=\"375\" height=\"210\" align=\"left\" title=\"DSC01212\" \/><\/a><\/div><\/div><div class=\"gallery-group images-1\" style=\"width: 378px; height: 214px;\"><div class=\"tiled-gallery-item tiled-gallery-item-full\"><a href=\"https:\/\/buchau.be\/espagne2015\/wp-content\/uploads\/2015\/04\/DSC01215.jpg\"><img loading=\"lazy\" decoding=\"async\" data-attachment-id=\"81\" data-orig-file=\"https:\/\/buchau.be\/espagne2015\/wp-content\/uploads\/2015\/04\/DSC01215.jpg\" data-orig-size=\"1000,561\" data-comments-opened=\"1\" data-image-meta=\"{&quot;aperture&quot;:&quot;6.3&quot;,&quot;credit&quot;:&quot;&quot;,&quot;camera&quot;:&quot;NEX-5R&quot;,&quot;caption&quot;:&quot;&quot;,&quot;created_timestamp&quot;:&quot;1428493062&quot;,&quot;copyright&quot;:&quot;&quot;,&quot;focal_length&quot;:&quot;18&quot;,&quot;iso&quot;:&quot;3200&quot;,&quot;shutter_speed&quot;:&quot;0.025&quot;,&quot;title&quot;:&quot;&quot;,&quot;orientation&quot;:&quot;1&quot;}\" data-image-title=\"DSC01215\" data-image-description=\"\" data-medium-file=\"https:\/\/buchau.be\/espagne2015\/wp-content\/uploads\/2015\/04\/DSC01215-300x168.jpg\" data-large-file=\"https:\/\/buchau.be\/espagne2015\/wp-content\/uploads\/2015\/04\/DSC01215.jpg\" src=\"https:\/\/buchau.be\/espagne2015\/wp-content\/uploads\/2015\/04\/DSC01215.jpg\" width=\"374\" height=\"210\" align=\"left\" title=\"DSC01215\" \/><\/a><\/div><\/div><div class=\"gallery-group images-1\" style=\"width: 378px; height: 214px;\"><div class=\"tiled-gallery-item tiled-gallery-item-full\"><a href=\"https:\/\/buchau.be\/espagne2015\/wp-content\/uploads\/2015\/04\/DSC01216.jpg\"><img loading=\"lazy\" decoding=\"async\" data-attachment-id=\"82\" data-orig-file=\"https:\/\/buchau.be\/espagne2015\/wp-content\/uploads\/2015\/04\/DSC01216.jpg\" data-orig-size=\"1000,561\" data-comments-opened=\"1\" data-image-meta=\"{&quot;aperture&quot;:&quot;6.3&quot;,&quot;credit&quot;:&quot;&quot;,&quot;camera&quot;:&quot;NEX-5R&quot;,&quot;caption&quot;:&quot;&quot;,&quot;created_timestamp&quot;:&quot;1428494949&quot;,&quot;copyright&quot;:&quot;&quot;,&quot;focal_length&quot;:&quot;50&quot;,&quot;iso&quot;:&quot;3200&quot;,&quot;shutter_speed&quot;:&quot;0.033333333333333&quot;,&quot;title&quot;:&quot;&quot;,&quot;orientation&quot;:&quot;1&quot;}\" data-image-title=\"DSC01216\" data-image-description=\"\" data-medium-file=\"https:\/\/buchau.be\/espagne2015\/wp-content\/uploads\/2015\/04\/DSC01216-300x168.jpg\" data-large-file=\"https:\/\/buchau.be\/espagne2015\/wp-content\/uploads\/2015\/04\/DSC01216.jpg\" src=\"https:\/\/buchau.be\/espagne2015\/wp-content\/uploads\/2015\/04\/DSC01216.jpg\" width=\"374\" height=\"210\" align=\"left\" title=\"DSC01216\" \/><\/a><\/div><\/div><\/div><div class=\"gallery-row\" style=\"width: 1135px; height: 316px;\"><div class=\"gallery-group images-1\" style=\"width: 568px; height: 320px;\"><div class=\"tiled-gallery-item tiled-gallery-item-full\"><a href=\"https:\/\/buchau.be\/espagne2015\/wp-content\/uploads\/2015\/04\/DSC01217.jpg\"><img loading=\"lazy\" decoding=\"async\" data-attachment-id=\"83\" data-orig-file=\"https:\/\/buchau.be\/espagne2015\/wp-content\/uploads\/2015\/04\/DSC01217.jpg\" data-orig-size=\"1000,561\" data-comments-opened=\"1\" data-image-meta=\"{&quot;aperture&quot;:&quot;6.3&quot;,&quot;credit&quot;:&quot;&quot;,&quot;camera&quot;:&quot;NEX-5R&quot;,&quot;caption&quot;:&quot;&quot;,&quot;created_timestamp&quot;:&quot;1428495541&quot;,&quot;copyright&quot;:&quot;&quot;,&quot;focal_length&quot;:&quot;16&quot;,&quot;iso&quot;:&quot;3200&quot;,&quot;shutter_speed&quot;:&quot;0.025&quot;,&quot;title&quot;:&quot;&quot;,&quot;orientation&quot;:&quot;1&quot;}\" data-image-title=\"DSC01217\" data-image-description=\"\" data-medium-file=\"https:\/\/buchau.be\/espagne2015\/wp-content\/uploads\/2015\/04\/DSC01217-300x168.jpg\" data-large-file=\"https:\/\/buchau.be\/espagne2015\/wp-content\/uploads\/2015\/04\/DSC01217.jpg\" src=\"https:\/\/buchau.be\/espagne2015\/wp-content\/uploads\/2015\/04\/DSC01217.jpg\" width=\"564\" height=\"316\" align=\"left\" title=\"DSC01217\" \/><\/a><\/div><\/div><div class=\"gallery-group images-1\" style=\"width: 567px; height: 320px;\"><div class=\"tiled-gallery-item tiled-gallery-item-full\"><a href=\"https:\/\/buchau.be\/espagne2015\/wp-content\/uploads\/2015\/04\/DSC01219.jpg\"><img loading=\"lazy\" decoding=\"async\" data-attachment-id=\"84\" data-orig-file=\"https:\/\/buchau.be\/espagne2015\/wp-content\/uploads\/2015\/04\/DSC01219.jpg\" data-orig-size=\"1000,561\" data-comments-opened=\"1\" data-image-meta=\"{&quot;aperture&quot;:&quot;6.3&quot;,&quot;credit&quot;:&quot;&quot;,&quot;camera&quot;:&quot;NEX-5R&quot;,&quot;caption&quot;:&quot;&quot;,&quot;created_timestamp&quot;:&quot;1428501891&quot;,&quot;copyright&quot;:&quot;&quot;,&quot;focal_length&quot;:&quot;16&quot;,&quot;iso&quot;:&quot;100&quot;,&quot;shutter_speed&quot;:&quot;0.0125&quot;,&quot;title&quot;:&quot;&quot;,&quot;orientation&quot;:&quot;1&quot;}\" data-image-title=\"DSC01219\" data-image-description=\"\" data-medium-file=\"https:\/\/buchau.be\/espagne2015\/wp-content\/uploads\/2015\/04\/DSC01219-300x168.jpg\" data-large-file=\"https:\/\/buchau.be\/espagne2015\/wp-content\/uploads\/2015\/04\/DSC01219.jpg\" src=\"https:\/\/buchau.be\/espagne2015\/wp-content\/uploads\/2015\/04\/DSC01219.jpg\" width=\"563\" height=\"316\" align=\"left\" title=\"DSC01219\" \/><\/a><\/div><\/div><\/div><div class=\"gallery-row\" style=\"width: 1135px; height: 210px;\"><div class=\"gallery-group images-1\" style=\"width: 379px; height: 214px;\"><div class=\"tiled-gallery-item tiled-gallery-item-full\"><a href=\"https:\/\/buchau.be\/espagne2015\/wp-content\/uploads\/2015\/04\/DSC01220.jpg\"><img loading=\"lazy\" decoding=\"async\" data-attachment-id=\"85\" data-orig-file=\"https:\/\/buchau.be\/espagne2015\/wp-content\/uploads\/2015\/04\/DSC01220.jpg\" data-orig-size=\"1000,561\" data-comments-opened=\"1\" data-image-meta=\"{&quot;aperture&quot;:&quot;6.3&quot;,&quot;credit&quot;:&quot;&quot;,&quot;camera&quot;:&quot;NEX-5R&quot;,&quot;caption&quot;:&quot;&quot;,&quot;created_timestamp&quot;:&quot;1428502234&quot;,&quot;copyright&quot;:&quot;&quot;,&quot;focal_length&quot;:&quot;16&quot;,&quot;iso&quot;:&quot;100&quot;,&quot;shutter_speed&quot;:&quot;0.004&quot;,&quot;title&quot;:&quot;&quot;,&quot;orientation&quot;:&quot;1&quot;}\" data-image-title=\"DSC01220\" data-image-description=\"\" data-medium-file=\"https:\/\/buchau.be\/espagne2015\/wp-content\/uploads\/2015\/04\/DSC01220-300x168.jpg\" data-large-file=\"https:\/\/buchau.be\/espagne2015\/wp-content\/uploads\/2015\/04\/DSC01220.jpg\" src=\"https:\/\/buchau.be\/espagne2015\/wp-content\/uploads\/2015\/04\/DSC01220.jpg\" width=\"375\" height=\"210\" align=\"left\" title=\"DSC01220\" \/><\/a><\/div><\/div><div class=\"gallery-group images-1\" style=\"width: 378px; height: 214px;\"><div class=\"tiled-gallery-item tiled-gallery-item-full\"><a href=\"https:\/\/buchau.be\/espagne2015\/wp-content\/uploads\/2015\/04\/DSC01222.jpg\"><img loading=\"lazy\" decoding=\"async\" data-attachment-id=\"86\" data-orig-file=\"https:\/\/buchau.be\/espagne2015\/wp-content\/uploads\/2015\/04\/DSC01222.jpg\" data-orig-size=\"1000,561\" data-comments-opened=\"1\" data-image-meta=\"{&quot;aperture&quot;:&quot;6.3&quot;,&quot;credit&quot;:&quot;&quot;,&quot;camera&quot;:&quot;NEX-5R&quot;,&quot;caption&quot;:&quot;&quot;,&quot;created_timestamp&quot;:&quot;1428502475&quot;,&quot;copyright&quot;:&quot;&quot;,&quot;focal_length&quot;:&quot;50&quot;,&quot;iso&quot;:&quot;100&quot;,&quot;shutter_speed&quot;:&quot;0.00125&quot;,&quot;title&quot;:&quot;&quot;,&quot;orientation&quot;:&quot;1&quot;}\" data-image-title=\"DSC01222\" data-image-description=\"\" data-medium-file=\"https:\/\/buchau.be\/espagne2015\/wp-content\/uploads\/2015\/04\/DSC01222-300x168.jpg\" data-large-file=\"https:\/\/buchau.be\/espagne2015\/wp-content\/uploads\/2015\/04\/DSC01222.jpg\" src=\"https:\/\/buchau.be\/espagne2015\/wp-content\/uploads\/2015\/04\/DSC01222.jpg\" width=\"374\" height=\"210\" align=\"left\" title=\"DSC01222\" \/><\/a><\/div><\/div><div class=\"gallery-group images-1\" style=\"width: 378px; height: 214px;\"><div class=\"tiled-gallery-item tiled-gallery-item-full\"><a href=\"https:\/\/buchau.be\/espagne2015\/wp-content\/uploads\/2015\/04\/DSC01225.jpg\"><img loading=\"lazy\" decoding=\"async\" data-attachment-id=\"87\" data-orig-file=\"https:\/\/buchau.be\/espagne2015\/wp-content\/uploads\/2015\/04\/DSC01225.jpg\" data-orig-size=\"1000,561\" data-comments-opened=\"1\" data-image-meta=\"{&quot;aperture&quot;:&quot;6.3&quot;,&quot;credit&quot;:&quot;&quot;,&quot;camera&quot;:&quot;NEX-5R&quot;,&quot;caption&quot;:&quot;&quot;,&quot;created_timestamp&quot;:&quot;1428503999&quot;,&quot;copyright&quot;:&quot;&quot;,&quot;focal_length&quot;:&quot;16&quot;,&quot;iso&quot;:&quot;100&quot;,&quot;shutter_speed&quot;:&quot;0.0015625&quot;,&quot;title&quot;:&quot;&quot;,&quot;orientation&quot;:&quot;1&quot;}\" data-image-title=\"DSC01225\" data-image-description=\"\" data-medium-file=\"https:\/\/buchau.be\/espagne2015\/wp-content\/uploads\/2015\/04\/DSC01225-300x168.jpg\" data-large-file=\"https:\/\/buchau.be\/espagne2015\/wp-content\/uploads\/2015\/04\/DSC01225.jpg\" src=\"https:\/\/buchau.be\/espagne2015\/wp-content\/uploads\/2015\/04\/DSC01225.jpg\" width=\"374\" height=\"210\" align=\"left\" title=\"DSC01225\" \/><\/a><\/div><\/div><\/div><div class=\"gallery-row\" style=\"width: 1135px; height: 980px;\"><div class=\"gallery-group images-1\" style=\"width: 554px; height: 984px;\"><div class=\"tiled-gallery-item tiled-gallery-item-full\"><a href=\"https:\/\/buchau.be\/espagne2015\/wp-content\/uploads\/2015\/04\/DSC01226.jpg\"><img loading=\"lazy\" decoding=\"async\" data-attachment-id=\"88\" data-orig-file=\"https:\/\/buchau.be\/espagne2015\/wp-content\/uploads\/2015\/04\/DSC01226.jpg\" data-orig-size=\"561,1000\" data-comments-opened=\"1\" data-image-meta=\"{&quot;aperture&quot;:&quot;6.3&quot;,&quot;credit&quot;:&quot;&quot;,&quot;camera&quot;:&quot;NEX-5R&quot;,&quot;caption&quot;:&quot;&quot;,&quot;created_timestamp&quot;:&quot;1428504020&quot;,&quot;copyright&quot;:&quot;&quot;,&quot;focal_length&quot;:&quot;16&quot;,&quot;iso&quot;:&quot;100&quot;,&quot;shutter_speed&quot;:&quot;0.004&quot;,&quot;title&quot;:&quot;&quot;,&quot;orientation&quot;:&quot;1&quot;}\" data-image-title=\"DSC01226\" data-image-description=\"\" data-medium-file=\"https:\/\/buchau.be\/espagne2015\/wp-content\/uploads\/2015\/04\/DSC01226-168x300.jpg\" data-large-file=\"https:\/\/buchau.be\/espagne2015\/wp-content\/uploads\/2015\/04\/DSC01226.jpg\" src=\"https:\/\/buchau.be\/espagne2015\/wp-content\/uploads\/2015\/04\/DSC01226.jpg\" width=\"550\" height=\"980\" align=\"left\" title=\"DSC01226\" \/><\/a><\/div><\/div><div class=\"gallery-group images-3\" style=\"width: 581px; height: 984px;\"><div class=\"tiled-gallery-item tiled-gallery-item-full\"><a href=\"https:\/\/buchau.be\/espagne2015\/wp-content\/uploads\/2015\/04\/DSC01229.jpg\"><img loading=\"lazy\" decoding=\"async\" data-attachment-id=\"89\" data-orig-file=\"https:\/\/buchau.be\/espagne2015\/wp-content\/uploads\/2015\/04\/DSC01229.jpg\" data-orig-size=\"1000,561\" data-comments-opened=\"1\" data-image-meta=\"{&quot;aperture&quot;:&quot;6.3&quot;,&quot;credit&quot;:&quot;&quot;,&quot;camera&quot;:&quot;NEX-5R&quot;,&quot;caption&quot;:&quot;&quot;,&quot;created_timestamp&quot;:&quot;1428504194&quot;,&quot;copyright&quot;:&quot;&quot;,&quot;focal_length&quot;:&quot;16&quot;,&quot;iso&quot;:&quot;100&quot;,&quot;shutter_speed&quot;:&quot;0.002&quot;,&quot;title&quot;:&quot;&quot;,&quot;orientation&quot;:&quot;1&quot;}\" data-image-title=\"DSC01229\" data-image-description=\"\" data-medium-file=\"https:\/\/buchau.be\/espagne2015\/wp-content\/uploads\/2015\/04\/DSC01229-300x168.jpg\" data-large-file=\"https:\/\/buchau.be\/espagne2015\/wp-content\/uploads\/2015\/04\/DSC01229.jpg\" src=\"https:\/\/buchau.be\/espagne2015\/wp-content\/uploads\/2015\/04\/DSC01229.jpg\" width=\"577\" height=\"324\" align=\"left\" title=\"DSC01229\" \/><\/a><\/div><div class=\"tiled-gallery-item tiled-gallery-item-full\"><a href=\"https:\/\/buchau.be\/espagne2015\/wp-content\/uploads\/2015\/04\/DSC01230.jpg\"><img loading=\"lazy\" decoding=\"async\" data-attachment-id=\"90\" data-orig-file=\"https:\/\/buchau.be\/espagne2015\/wp-content\/uploads\/2015\/04\/DSC01230.jpg\" data-orig-size=\"1000,561\" data-comments-opened=\"1\" data-image-meta=\"{&quot;aperture&quot;:&quot;6.3&quot;,&quot;credit&quot;:&quot;&quot;,&quot;camera&quot;:&quot;NEX-5R&quot;,&quot;caption&quot;:&quot;&quot;,&quot;created_timestamp&quot;:&quot;1428504249&quot;,&quot;copyright&quot;:&quot;&quot;,&quot;focal_length&quot;:&quot;19&quot;,&quot;iso&quot;:&quot;100&quot;,&quot;shutter_speed&quot;:&quot;0.00125&quot;,&quot;title&quot;:&quot;&quot;,&quot;orientation&quot;:&quot;1&quot;}\" data-image-title=\"DSC01230\" data-image-description=\"\" data-medium-file=\"https:\/\/buchau.be\/espagne2015\/wp-content\/uploads\/2015\/04\/DSC01230-300x168.jpg\" data-large-file=\"https:\/\/buchau.be\/espagne2015\/wp-content\/uploads\/2015\/04\/DSC01230.jpg\" src=\"https:\/\/buchau.be\/espagne2015\/wp-content\/uploads\/2015\/04\/DSC01230.jpg\" width=\"577\" height=\"324\" align=\"left\" title=\"DSC01230\" \/><\/a><\/div><div class=\"tiled-gallery-item tiled-gallery-item-full\"><a href=\"https:\/\/buchau.be\/espagne2015\/wp-content\/uploads\/2015\/04\/DSC01234.jpg\"><img loading=\"lazy\" decoding=\"async\" data-attachment-id=\"91\" data-orig-file=\"https:\/\/buchau.be\/espagne2015\/wp-content\/uploads\/2015\/04\/DSC01234.jpg\" data-orig-size=\"1000,561\" data-comments-opened=\"1\" data-image-meta=\"{&quot;aperture&quot;:&quot;6.3&quot;,&quot;credit&quot;:&quot;&quot;,&quot;camera&quot;:&quot;NEX-5R&quot;,&quot;caption&quot;:&quot;&quot;,&quot;created_timestamp&quot;:&quot;1428504306&quot;,&quot;copyright&quot;:&quot;&quot;,&quot;focal_length&quot;:&quot;16&quot;,&quot;iso&quot;:&quot;100&quot;,&quot;shutter_speed&quot;:&quot;0.0025&quot;,&quot;title&quot;:&quot;&quot;,&quot;orientation&quot;:&quot;1&quot;}\" data-image-title=\"DSC01234\" data-image-description=\"\" data-medium-file=\"https:\/\/buchau.be\/espagne2015\/wp-content\/uploads\/2015\/04\/DSC01234-300x168.jpg\" data-large-file=\"https:\/\/buchau.be\/espagne2015\/wp-content\/uploads\/2015\/04\/DSC01234.jpg\" src=\"https:\/\/buchau.be\/espagne2015\/wp-content\/uploads\/2015\/04\/DSC01234.jpg\" width=\"577\" height=\"324\" align=\"left\" title=\"DSC01234\" \/><\/a><\/div><\/div><\/div><div class=\"gallery-row\" style=\"width: 1135px; height: 210px;\"><div class=\"gallery-group images-1\" style=\"width: 379px; height: 214px;\"><div class=\"tiled-gallery-item tiled-gallery-item-full\"><a href=\"https:\/\/buchau.be\/espagne2015\/wp-content\/uploads\/2015\/04\/DSC01239.jpg\"><img loading=\"lazy\" decoding=\"async\" data-attachment-id=\"92\" data-orig-file=\"https:\/\/buchau.be\/espagne2015\/wp-content\/uploads\/2015\/04\/DSC01239.jpg\" data-orig-size=\"1000,561\" data-comments-opened=\"1\" data-image-meta=\"{&quot;aperture&quot;:&quot;6.3&quot;,&quot;credit&quot;:&quot;&quot;,&quot;camera&quot;:&quot;NEX-5R&quot;,&quot;caption&quot;:&quot;&quot;,&quot;created_timestamp&quot;:&quot;1428504510&quot;,&quot;copyright&quot;:&quot;&quot;,&quot;focal_length&quot;:&quot;24&quot;,&quot;iso&quot;:&quot;100&quot;,&quot;shutter_speed&quot;:&quot;0.008&quot;,&quot;title&quot;:&quot;&quot;,&quot;orientation&quot;:&quot;1&quot;}\" data-image-title=\"DSC01239\" data-image-description=\"\" data-medium-file=\"https:\/\/buchau.be\/espagne2015\/wp-content\/uploads\/2015\/04\/DSC01239-300x168.jpg\" data-large-file=\"https:\/\/buchau.be\/espagne2015\/wp-content\/uploads\/2015\/04\/DSC01239.jpg\" src=\"https:\/\/buchau.be\/espagne2015\/wp-content\/uploads\/2015\/04\/DSC01239.jpg\" width=\"375\" height=\"210\" align=\"left\" title=\"DSC01239\" \/><\/a><\/div><\/div><div class=\"gallery-group images-1\" style=\"width: 378px; height: 214px;\"><div class=\"tiled-gallery-item tiled-gallery-item-full\"><a href=\"https:\/\/buchau.be\/espagne2015\/wp-content\/uploads\/2015\/04\/DSC01240.jpg\"><img loading=\"lazy\" decoding=\"async\" data-attachment-id=\"93\" data-orig-file=\"https:\/\/buchau.be\/espagne2015\/wp-content\/uploads\/2015\/04\/DSC01240.jpg\" data-orig-size=\"1000,561\" data-comments-opened=\"1\" data-image-meta=\"{&quot;aperture&quot;:&quot;6.3&quot;,&quot;credit&quot;:&quot;&quot;,&quot;camera&quot;:&quot;NEX-5R&quot;,&quot;caption&quot;:&quot;&quot;,&quot;created_timestamp&quot;:&quot;1428505016&quot;,&quot;copyright&quot;:&quot;&quot;,&quot;focal_length&quot;:&quot;16&quot;,&quot;iso&quot;:&quot;100&quot;,&quot;shutter_speed&quot;:&quot;0.0025&quot;,&quot;title&quot;:&quot;&quot;,&quot;orientation&quot;:&quot;1&quot;}\" data-image-title=\"DSC01240\" data-image-description=\"\" data-medium-file=\"https:\/\/buchau.be\/espagne2015\/wp-content\/uploads\/2015\/04\/DSC01240-300x168.jpg\" data-large-file=\"https:\/\/buchau.be\/espagne2015\/wp-content\/uploads\/2015\/04\/DSC01240.jpg\" src=\"https:\/\/buchau.be\/espagne2015\/wp-content\/uploads\/2015\/04\/DSC01240.jpg\" width=\"374\" height=\"210\" align=\"left\" title=\"DSC01240\" \/><\/a><\/div><\/div><div class=\"gallery-group images-1\" style=\"width: 378px; height: 214px;\"><div class=\"tiled-gallery-item tiled-gallery-item-full\"><a href=\"https:\/\/buchau.be\/espagne2015\/wp-content\/uploads\/2015\/04\/DSC01244.jpg\"><img loading=\"lazy\" decoding=\"async\" data-attachment-id=\"94\" data-orig-file=\"https:\/\/buchau.be\/espagne2015\/wp-content\/uploads\/2015\/04\/DSC01244.jpg\" data-orig-size=\"1000,561\" data-comments-opened=\"1\" data-image-meta=\"{&quot;aperture&quot;:&quot;6.3&quot;,&quot;credit&quot;:&quot;&quot;,&quot;camera&quot;:&quot;NEX-5R&quot;,&quot;caption&quot;:&quot;&quot;,&quot;created_timestamp&quot;:&quot;1428508262&quot;,&quot;copyright&quot;:&quot;&quot;,&quot;focal_length&quot;:&quot;50&quot;,&quot;iso&quot;:&quot;100&quot;,&quot;shutter_speed&quot;:&quot;0.001&quot;,&quot;title&quot;:&quot;&quot;,&quot;orientation&quot;:&quot;1&quot;}\" data-image-title=\"DSC01244\" data-image-description=\"\" data-medium-file=\"https:\/\/buchau.be\/espagne2015\/wp-content\/uploads\/2015\/04\/DSC01244-300x168.jpg\" data-large-file=\"https:\/\/buchau.be\/espagne2015\/wp-content\/uploads\/2015\/04\/DSC01244.jpg\" src=\"https:\/\/buchau.be\/espagne2015\/wp-content\/uploads\/2015\/04\/DSC01244.jpg\" width=\"374\" height=\"210\" align=\"left\" title=\"DSC01244\" \/><\/a><\/div><\/div><\/div><div class=\"gallery-row\" style=\"width: 1135px; height: 2016px;\"><div class=\"gallery-group images-1\" style=\"width: 1135px; height: 2020px;\"><div class=\"tiled-gallery-item tiled-gallery-item-full\"><a href=\"https:\/\/buchau.be\/espagne2015\/wp-content\/uploads\/2015\/04\/DSC01248.jpg\"><img loading=\"lazy\" decoding=\"async\" data-attachment-id=\"95\" data-orig-file=\"https:\/\/buchau.be\/espagne2015\/wp-content\/uploads\/2015\/04\/DSC01248.jpg\" data-orig-size=\"561,1000\" data-comments-opened=\"1\" data-image-meta=\"{&quot;aperture&quot;:&quot;6.3&quot;,&quot;credit&quot;:&quot;&quot;,&quot;camera&quot;:&quot;NEX-5R&quot;,&quot;caption&quot;:&quot;&quot;,&quot;created_timestamp&quot;:&quot;1428513156&quot;,&quot;copyright&quot;:&quot;&quot;,&quot;focal_length&quot;:&quot;31&quot;,&quot;iso&quot;:&quot;100&quot;,&quot;shutter_speed&quot;:&quot;0.0015625&quot;,&quot;title&quot;:&quot;&quot;,&quot;orientation&quot;:&quot;1&quot;}\" data-image-title=\"DSC01248\" data-image-description=\"\" data-medium-file=\"https:\/\/buchau.be\/espagne2015\/wp-content\/uploads\/2015\/04\/DSC01248-168x300.jpg\" data-large-file=\"https:\/\/buchau.be\/espagne2015\/wp-content\/uploads\/2015\/04\/DSC01248.jpg\" src=\"https:\/\/buchau.be\/espagne2015\/wp-content\/uploads\/2015\/04\/DSC01248.jpg\" width=\"1131\" height=\"2016\" align=\"left\" title=\"DSC01248\" \/><\/a><\/div><\/div><\/div><\/div>\n","protected":false},"excerpt":{"rendered":"<p>On commence la journ\u00e9e \u00e0 l&rsquo;aise&#8230; et tard: on se met en route vers 10:30 (pour se rendre compte 15&prime; plus tard que j&rsquo;ai publi\u00e9 l&rsquo;appareil photo :-\/ ). On commence par un passage dans le Mercat de la Boqueria, o\u00f9 l&rsquo;on peut trouver tous les produits locaux en abondance; c&rsquo;est color\u00e9, \u00e7a sent bon, [&hellip;]<\/p>\n","protected":false},"author":1,"featured_media":0,"comment_status":"open","ping_status":"closed","sticky":false,"template":"","format":"standard","meta":{"footnotes":""},"categories":[3],"tags":[],"class_list":["post-69","post","type-post","status-publish","format-standard","hentry","category-barcelona"],"_links":{"self":[{"href":"https:\/\/buchau.be\/espagne2015\/wp-json\/wp\/v2\/posts\/69","targetHints":{"allow":["GET"]}}],"collection":[{"href":"https:\/\/buchau.be\/espagne2015\/wp-json\/wp\/v2\/posts"}],"about":[{"href":"https:\/\/buchau.be\/espagne2015\/wp-json\/wp\/v2\/types\/post"}],"author":[{"embeddable":true,"href":"https:\/\/buchau.be\/espagne2015\/wp-json\/wp\/v2\/users\/1"}],"replies":[{"embeddable":true,"href":"https:\/\/buchau.be\/espagne2015\/wp-json\/wp\/v2\/comments?post=69"}],"version-history":[{"count":2,"href":"https:\/\/buchau.be\/espagne2015\/wp-json\/wp\/v2\/posts\/69\/revisions"}],"predecessor-version":[{"id":97,"href":"https:\/\/buchau.be\/espagne2015\/wp-json\/wp\/v2\/posts\/69\/revisions\/97"}],"wp:attachment":[{"href":"https:\/\/buchau.be\/espagne2015\/wp-json\/wp\/v2\/media?parent=69"}],"wp:term":[{"taxonomy":"category","embeddable":true,"href":"https:\/\/buchau.be\/espagne2015\/wp-json\/wp\/v2\/categories?post=69"},{"taxonomy":"post_tag","embeddable":true,"href":"https:\/\/buchau.be\/espagne2015\/wp-json\/wp\/v2\/tags?post=69"}],"curies":[{"name":"wp","href":"https:\/\/api.w.org\/{rel}","templated":true}]}}