{"id":1,"date":"2012-08-09T16:20:31","date_gmt":"2012-08-09T16:20:31","guid":{"rendered":"http:\/\/buchau.be\/indonesie2013\/\/?p=1"},"modified":"2012-09-30T14:10:19","modified_gmt":"2012-09-30T13:10:19","slug":"hello-world","status":"publish","type":"post","link":"https:\/\/buchau.be\/indonesie2013\/hello-world\/","title":{"rendered":"Bienvenue&#8230;"},"content":{"rendered":"<p>D\u00e9but juillet 2012, on h\u00e9sitait encore entre plusieurs destinations pour nos vacances de 2013 (oui, on pr\u00e9voit bien \u00e0 temps!): la <em>Cor\u00e9e du Sud<\/em>, le <em>Vietnam<\/em>, l&rsquo;<em>Indon\u00e9sie<\/em> et d&rsquo;autres encore retenaient notre attention. C&rsquo;est finalement l&rsquo;<em>Indon\u00e9sie<\/em> (et plus particuli\u00e8rement <em>Central Java<\/em> et <em>Bali<\/em>) qui a remport\u00e9 nos deux suffrages. On connait plein de gens qui y ont \u00e9t\u00e9 et qui en sont, en g\u00e9n\u00e9ral, revenus ravis!<\/p>\n<p>L&rsquo;id\u00e9e est donc d&rsquo;atterrir \u00e0 <em>Jakarta<\/em> (peut-\u00eatre de visiter la ville pendant une journ\u00e9e) et de se rendre \u00e0 <em>Yogyakarta<\/em> pour visiter <em>Borobodur<\/em> et <em>Prambanan<\/em>, puis de repartir vers <em>Bali<\/em> pour visiter l&rsquo;ile en compagnie d&rsquo;un guide et d&rsquo;un chauffeur. Le s\u00e9jour devrait en principe se terminer par 2 ou 3 jours de farniente sur une plage, \u00e0 <em>Benoa<\/em> (j&rsquo;ai beaucoup h\u00e9sit\u00e9 avec la petite ville de <em>Tejakula<\/em>).<\/p>\n<p><a href=\"http:\/\/buchau.be\/indonesie2013\/wp-content\/uploads\/2012\/08\/MapIndo2013.jpg\"><img loading=\"lazy\" decoding=\"async\" class=\"aligncenter size-full wp-image-5\" title=\"Intin\u00e9raire\" src=\"http:\/\/buchau.be\/indonesie2013\/wp-content\/uploads\/2012\/08\/MapIndo2013.jpg\" alt=\"\" width=\"549\" height=\"307\" srcset=\"https:\/\/buchau.be\/indonesie2013\/wp-content\/uploads\/2012\/08\/MapIndo2013.jpg 549w, https:\/\/buchau.be\/indonesie2013\/wp-content\/uploads\/2012\/08\/MapIndo2013-300x167.jpg 300w\" sizes=\"auto, (max-width: 549px) 100vw, 549px\" \/><\/a>On se r\u00e9jouit d\u00e9j\u00e0!<\/p>\n","protected":false},"excerpt":{"rendered":"<p>D\u00e9but juillet 2012, on h\u00e9sitait encore entre plusieurs destinations pour nos vacances de 2013 (oui, on pr\u00e9voit bien \u00e0 temps!): la Cor\u00e9e du Sud, le Vietnam, l&rsquo;Indon\u00e9sie et d&rsquo;autres encore retenaient notre attention. C&rsquo;est finalement l&rsquo;Indon\u00e9sie (et plus particuli\u00e8rement Central &hellip; <a href=\"https:\/\/buchau.be\/indonesie2013\/hello-world\/\">Continuer la lecture <span class=\"meta-nav\">&rarr;<\/span><\/a><\/p>\n","protected":false},"author":1,"featured_media":5,"comment_status":"open","ping_status":"open","sticky":false,"template":"","format":"standard","meta":{"footnotes":""},"categories":[3],"tags":[],"class_list":["post-1","post","type-post","status-publish","format-standard","has-post-thumbnail","hentry","category-avant-le-voyage"],"_links":{"self":[{"href":"https:\/\/buchau.be\/indonesie2013\/wp-json\/wp\/v2\/posts\/1","targetHints":{"allow":["GET"]}}],"collection":[{"href":"https:\/\/buchau.be\/indonesie2013\/wp-json\/wp\/v2\/posts"}],"about":[{"href":"https:\/\/buchau.be\/indonesie2013\/wp-json\/wp\/v2\/types\/post"}],"author":[{"embeddable":true,"href":"https:\/\/buchau.be\/indonesie2013\/wp-json\/wp\/v2\/users\/1"}],"replies":[{"embeddable":true,"href":"https:\/\/buchau.be\/indonesie2013\/wp-json\/wp\/v2\/comments?post=1"}],"version-history":[{"count":4,"href":"https:\/\/buchau.be\/indonesie2013\/wp-json\/wp\/v2\/posts\/1\/revisions"}],"predecessor-version":[{"id":4,"href":"https:\/\/buchau.be\/indonesie2013\/wp-json\/wp\/v2\/posts\/1\/revisions\/4"}],"wp:featuredmedia":[{"embeddable":true,"href":"https:\/\/buchau.be\/indonesie2013\/wp-json\/wp\/v2\/media\/5"}],"wp:attachment":[{"href":"https:\/\/buchau.be\/indonesie2013\/wp-json\/wp\/v2\/media?parent=1"}],"wp:term":[{"taxonomy":"category","embeddable":true,"href":"https:\/\/buchau.be\/indonesie2013\/wp-json\/wp\/v2\/categories?post=1"},{"taxonomy":"post_tag","embeddable":true,"href":"https:\/\/buchau.be\/indonesie2013\/wp-json\/wp\/v2\/tags?post=1"}],"curies":[{"name":"wp","href":"https:\/\/api.w.org\/{rel}","templated":true}]}}