{"id":2457,"date":"2025-08-02T13:24:10","date_gmt":"2025-08-02T11:24:10","guid":{"rendered":"https:\/\/buchau.be\/traveltimeline\/?p=2457"},"modified":"2025-09-03T16:20:34","modified_gmt":"2025-09-03T14:20:34","slug":"saint-remy-de-provence-4","status":"publish","type":"post","link":"https:\/\/buchau.be\/traveltimeline\/2025\/08\/saint-remy-de-provence-4\/","title":{"rendered":"Saint-R\u00e9my-de-Provence"},"content":{"rendered":"<p>Premi\u00e8re quinzaine d&rsquo;ao\u00fbt en <em>Provence<\/em>, en passant \u00e0 <em>Strasbourg<\/em> pour saluer le papa de Ben et par <em>Lyon<\/em> (juste parce qu&rsquo;on aime bien Lyon).<\/p>\n<p>Note pour plus tard : pr\u00e9voir de ne pas rouler le premier samedi du mois d&rsquo;ao\u00fbt!<\/p>\n<p>Pour la premi\u00e8re fois depuis plus de 20 ans, on change de logement. On se retrouve <em><a href=\"https:\/\/www.airbnb.fr\/rooms\/32808366\" target=\"_blank\" rel=\"noopener\">chez David<\/a><\/em> (et ses parents), un petit peu en-dehors de la ville de <em>Saint-R\u00e9my-de-Provence<\/em>. L&rsquo;appart est sympa et du niveau d&rsquo;\u00e9quipement de la petite maison. Les environs par contre, sont beaucoup plus spacieux. La piscine est superbe (quoique peu ombrag\u00e9e). On kiffe!<\/p>\n<div data-carousel-extra='{\"blog_id\":1,\"permalink\":\"https:\\\/\\\/buchau.be\\\/traveltimeline\\\/2025\\\/08\\\/saint-remy-de-provence-4\\\/\"}' class=\"tiled-gallery type-rectangular\" data-original-width=\"525\"><div class=\"gallery-row\" style=\"width: 520px; height: 250px;\"><div class=\"gallery-group images-1\" style=\"width: 117px; height: 254px;\"><div class=\"tiled-gallery-item tiled-gallery-item-large\"><a href=\"https:\/\/buchau.be\/traveltimeline\/wp-content\/uploads\/2025\/08\/20250807_194015-1-scaled.jpg\"><img loading=\"lazy\" decoding=\"async\" data-attachment-id=\"2463\" data-orig-file=\"https:\/\/buchau.be\/traveltimeline\/wp-content\/uploads\/2025\/08\/20250807_194015-1-scaled.jpg\" data-orig-size=\"1154,2560\" data-comments-opened=\"0\" data-image-meta=\"{&quot;aperture&quot;:&quot;1.8&quot;,&quot;credit&quot;:&quot;&quot;,&quot;camera&quot;:&quot;SM-A528B&quot;,&quot;caption&quot;:&quot;&quot;,&quot;created_timestamp&quot;:&quot;1754595615&quot;,&quot;copyright&quot;:&quot;&quot;,&quot;focal_length&quot;:&quot;5.23&quot;,&quot;iso&quot;:&quot;25&quot;,&quot;shutter_speed&quot;:&quot;0.0033&quot;,&quot;title&quot;:&quot;&quot;,&quot;orientation&quot;:&quot;1&quot;}\" data-image-title=\"20250807_194015 (1)\" data-image-description=\"\" data-medium-file=\"https:\/\/buchau.be\/traveltimeline\/wp-content\/uploads\/2025\/08\/20250807_194015-1-135x300.jpg\" data-large-file=\"https:\/\/buchau.be\/traveltimeline\/wp-content\/uploads\/2025\/08\/20250807_194015-1-462x1024.jpg\" src=\"https:\/\/buchau.be\/traveltimeline\/wp-content\/uploads\/2025\/08\/20250807_194015-1-scaled-462x1024.jpg\" width=\"113\" height=\"250\" align=\"left\" title=\"20250807_194015 (1)\" \/><\/a><\/div><\/div><div class=\"gallery-group images-1\" style=\"width: 150px; height: 254px;\"><div class=\"tiled-gallery-item tiled-gallery-item-large\"><a href=\"https:\/\/buchau.be\/traveltimeline\/wp-content\/uploads\/2025\/08\/20250808_171711-scaled.jpg\"><img loading=\"lazy\" decoding=\"async\" data-attachment-id=\"2464\" data-orig-file=\"https:\/\/buchau.be\/traveltimeline\/wp-content\/uploads\/2025\/08\/20250808_171711-scaled.jpg\" data-orig-size=\"1494,2560\" data-comments-opened=\"0\" data-image-meta=\"{&quot;aperture&quot;:&quot;1.8&quot;,&quot;credit&quot;:&quot;&quot;,&quot;camera&quot;:&quot;SM-A528B&quot;,&quot;caption&quot;:&quot;&quot;,&quot;created_timestamp&quot;:&quot;1754673432&quot;,&quot;copyright&quot;:&quot;&quot;,&quot;focal_length&quot;:&quot;5.23&quot;,&quot;iso&quot;:&quot;25&quot;,&quot;shutter_speed&quot;:&quot;0.0006&quot;,&quot;title&quot;:&quot;&quot;,&quot;orientation&quot;:&quot;1&quot;}\" data-image-title=\"20250808_171711\" data-image-description=\"\" data-medium-file=\"https:\/\/buchau.be\/traveltimeline\/wp-content\/uploads\/2025\/08\/20250808_171711-175x300.jpg\" data-large-file=\"https:\/\/buchau.be\/traveltimeline\/wp-content\/uploads\/2025\/08\/20250808_171711-597x1024.jpg\" src=\"https:\/\/buchau.be\/traveltimeline\/wp-content\/uploads\/2025\/08\/20250808_171711-scaled-598x1024.jpg\" width=\"146\" height=\"250\" align=\"left\" title=\"20250808_171711\" \/><\/a><\/div><\/div><div class=\"gallery-group images-1\" style=\"width: 117px; height: 254px;\"><div class=\"tiled-gallery-item tiled-gallery-item-large\"><a href=\"https:\/\/buchau.be\/traveltimeline\/wp-content\/uploads\/2025\/08\/20250804_133422-scaled.jpg\"><img loading=\"lazy\" decoding=\"async\" data-attachment-id=\"2462\" data-orig-file=\"https:\/\/buchau.be\/traveltimeline\/wp-content\/uploads\/2025\/08\/20250804_133422-scaled.jpg\" data-orig-size=\"1154,2560\" data-comments-opened=\"0\" data-image-meta=\"{&quot;aperture&quot;:&quot;1.8&quot;,&quot;credit&quot;:&quot;&quot;,&quot;camera&quot;:&quot;SM-A528B&quot;,&quot;caption&quot;:&quot;&quot;,&quot;created_timestamp&quot;:&quot;1754314462&quot;,&quot;copyright&quot;:&quot;&quot;,&quot;focal_length&quot;:&quot;5.23&quot;,&quot;iso&quot;:&quot;25&quot;,&quot;shutter_speed&quot;:&quot;0.000705031&quot;,&quot;title&quot;:&quot;&quot;,&quot;orientation&quot;:&quot;1&quot;}\" data-image-title=\"20250804_133422\" data-image-description=\"\" data-medium-file=\"https:\/\/buchau.be\/traveltimeline\/wp-content\/uploads\/2025\/08\/20250804_133422-135x300.jpg\" data-large-file=\"https:\/\/buchau.be\/traveltimeline\/wp-content\/uploads\/2025\/08\/20250804_133422-462x1024.jpg\" src=\"https:\/\/buchau.be\/traveltimeline\/wp-content\/uploads\/2025\/08\/20250804_133422-scaled-462x1024.jpg\" width=\"113\" height=\"250\" align=\"left\" title=\"20250804_133422\" \/><\/a><\/div><\/div><div class=\"gallery-group images-1\" style=\"width: 136px; height: 254px;\"><div class=\"tiled-gallery-item tiled-gallery-item-large\"><a href=\"https:\/\/buchau.be\/traveltimeline\/wp-content\/uploads\/2025\/08\/20250804_122648-scaled.jpg\"><img loading=\"lazy\" decoding=\"async\" data-attachment-id=\"2461\" data-orig-file=\"https:\/\/buchau.be\/traveltimeline\/wp-content\/uploads\/2025\/08\/20250804_122648-scaled.jpg\" data-orig-size=\"1350,2560\" data-comments-opened=\"0\" data-image-meta=\"{&quot;aperture&quot;:&quot;2.2&quot;,&quot;credit&quot;:&quot;&quot;,&quot;camera&quot;:&quot;SM-A528B&quot;,&quot;caption&quot;:&quot;&quot;,&quot;created_timestamp&quot;:&quot;1754310408&quot;,&quot;copyright&quot;:&quot;&quot;,&quot;focal_length&quot;:&quot;1.74&quot;,&quot;iso&quot;:&quot;50&quot;,&quot;shutter_speed&quot;:&quot;0.0003&quot;,&quot;title&quot;:&quot;&quot;,&quot;orientation&quot;:&quot;1&quot;}\" data-image-title=\"20250804_122648\" data-image-description=\"\" data-medium-file=\"https:\/\/buchau.be\/traveltimeline\/wp-content\/uploads\/2025\/08\/20250804_122648-158x300.jpg\" data-large-file=\"https:\/\/buchau.be\/traveltimeline\/wp-content\/uploads\/2025\/08\/20250804_122648-540x1024.jpg\" src=\"https:\/\/buchau.be\/traveltimeline\/wp-content\/uploads\/2025\/08\/20250804_122648-scaled-540x1024.jpg\" width=\"132\" height=\"250\" align=\"left\" title=\"20250804_122648\" \/><\/a><\/div><\/div><\/div><div class=\"gallery-row\" style=\"width: 520px; height: 309px;\"><div class=\"gallery-group images-1\" style=\"width: 178px; height: 313px;\"><div class=\"tiled-gallery-item tiled-gallery-item-large\"><a href=\"https:\/\/buchau.be\/traveltimeline\/wp-content\/uploads\/2025\/08\/20250804_094227-scaled.jpg\"><img loading=\"lazy\" decoding=\"async\" data-attachment-id=\"2460\" data-orig-file=\"https:\/\/buchau.be\/traveltimeline\/wp-content\/uploads\/2025\/08\/20250804_094227-scaled.jpg\" data-orig-size=\"1439,2560\" data-comments-opened=\"0\" data-image-meta=\"{&quot;aperture&quot;:&quot;1.8&quot;,&quot;credit&quot;:&quot;&quot;,&quot;camera&quot;:&quot;SM-A528B&quot;,&quot;caption&quot;:&quot;&quot;,&quot;created_timestamp&quot;:&quot;1754300548&quot;,&quot;copyright&quot;:&quot;&quot;,&quot;focal_length&quot;:&quot;5.23&quot;,&quot;iso&quot;:&quot;25&quot;,&quot;shutter_speed&quot;:&quot;0.0079&quot;,&quot;title&quot;:&quot;&quot;,&quot;orientation&quot;:&quot;1&quot;}\" data-image-title=\"20250804_094227\" data-image-description=\"\" data-medium-file=\"https:\/\/buchau.be\/traveltimeline\/wp-content\/uploads\/2025\/08\/20250804_094227-169x300.jpg\" data-large-file=\"https:\/\/buchau.be\/traveltimeline\/wp-content\/uploads\/2025\/08\/20250804_094227-576x1024.jpg\" src=\"https:\/\/buchau.be\/traveltimeline\/wp-content\/uploads\/2025\/08\/20250804_094227-scaled-576x1024.jpg\" width=\"174\" height=\"309\" align=\"left\" title=\"20250804_094227\" \/><\/a><\/div><\/div><div class=\"gallery-group images-2\" style=\"width: 342px; height: 313px;\"><div class=\"tiled-gallery-item tiled-gallery-item-large\"><a href=\"https:\/\/buchau.be\/traveltimeline\/wp-content\/uploads\/2025\/08\/20250803_093706-scaled.jpg\"><img loading=\"lazy\" decoding=\"async\" data-attachment-id=\"2459\" data-orig-file=\"https:\/\/buchau.be\/traveltimeline\/wp-content\/uploads\/2025\/08\/20250803_093706-scaled.jpg\" data-orig-size=\"2560,1155\" data-comments-opened=\"0\" data-image-meta=\"{&quot;aperture&quot;:&quot;2.2&quot;,&quot;credit&quot;:&quot;&quot;,&quot;camera&quot;:&quot;SM-A528B&quot;,&quot;caption&quot;:&quot;&quot;,&quot;created_timestamp&quot;:&quot;1754213826&quot;,&quot;copyright&quot;:&quot;&quot;,&quot;focal_length&quot;:&quot;3.72&quot;,&quot;iso&quot;:&quot;40&quot;,&quot;shutter_speed&quot;:&quot;0.0062893081761006&quot;,&quot;title&quot;:&quot;&quot;,&quot;orientation&quot;:&quot;1&quot;}\" data-image-title=\"20250803_093706\" data-image-description=\"\" data-medium-file=\"https:\/\/buchau.be\/traveltimeline\/wp-content\/uploads\/2025\/08\/20250803_093706-300x135.jpg\" data-large-file=\"https:\/\/buchau.be\/traveltimeline\/wp-content\/uploads\/2025\/08\/20250803_093706-1024x462.jpg\" src=\"https:\/\/buchau.be\/traveltimeline\/wp-content\/uploads\/2025\/08\/20250803_093706-scaled-1024x462.jpg\" width=\"338\" height=\"153\" align=\"left\" title=\"20250803_093706\" \/><\/a><\/div><div class=\"tiled-gallery-item tiled-gallery-item-large\"><a href=\"https:\/\/buchau.be\/traveltimeline\/wp-content\/uploads\/2025\/08\/20250803_090455-scaled.jpg\"><img loading=\"lazy\" decoding=\"async\" data-attachment-id=\"2458\" data-orig-file=\"https:\/\/buchau.be\/traveltimeline\/wp-content\/uploads\/2025\/08\/20250803_090455-scaled.jpg\" data-orig-size=\"2560,1154\" data-comments-opened=\"0\" data-image-meta=\"{&quot;aperture&quot;:&quot;1.8&quot;,&quot;credit&quot;:&quot;&quot;,&quot;camera&quot;:&quot;SM-A528B&quot;,&quot;caption&quot;:&quot;&quot;,&quot;created_timestamp&quot;:&quot;1754211895&quot;,&quot;copyright&quot;:&quot;&quot;,&quot;focal_length&quot;:&quot;5.23&quot;,&quot;iso&quot;:&quot;25&quot;,&quot;shutter_speed&quot;:&quot;0.0070921985815603&quot;,&quot;title&quot;:&quot;&quot;,&quot;orientation&quot;:&quot;1&quot;}\" data-image-title=\"20250803_090455\" data-image-description=\"\" data-medium-file=\"https:\/\/buchau.be\/traveltimeline\/wp-content\/uploads\/2025\/08\/20250803_090455-300x135.jpg\" data-large-file=\"https:\/\/buchau.be\/traveltimeline\/wp-content\/uploads\/2025\/08\/20250803_090455-1024x462.jpg\" src=\"https:\/\/buchau.be\/traveltimeline\/wp-content\/uploads\/2025\/08\/20250803_090455-scaled-1024x462.jpg\" width=\"338\" height=\"152\" align=\"left\" title=\"20250803_090455\" \/><\/a><\/div><\/div><\/div><\/div>\n<p>&nbsp;<\/p>\n<p>On invite Nicole B. au resto; on est content de la retrouver. On termine la soir\u00e9e sous l&rsquo;arbre qui abrite tous nos repas au cours du s\u00e9jour.<\/p>\n<div data-carousel-extra='{\"blog_id\":1,\"permalink\":\"https:\\\/\\\/buchau.be\\\/traveltimeline\\\/2025\\\/08\\\/saint-remy-de-provence-4\\\/\"}' class=\"tiled-gallery type-rectangular\" data-original-width=\"525\"><div class=\"gallery-row\" style=\"width: 520px; height: 256px;\"><div class=\"gallery-group images-1\" style=\"width: 260px; height: 260px;\"><div class=\"tiled-gallery-item tiled-gallery-item-large\"><a href=\"https:\/\/buchau.be\/traveltimeline\/wp-content\/uploads\/2025\/08\/20250808_213300.jpg\"><img loading=\"lazy\" decoding=\"async\" data-attachment-id=\"2465\" data-orig-file=\"https:\/\/buchau.be\/traveltimeline\/wp-content\/uploads\/2025\/08\/20250808_213300.jpg\" data-orig-size=\"2084,2085\" data-comments-opened=\"0\" data-image-meta=\"{&quot;aperture&quot;:&quot;1.8&quot;,&quot;credit&quot;:&quot;&quot;,&quot;camera&quot;:&quot;SM-A528B&quot;,&quot;caption&quot;:&quot;&quot;,&quot;created_timestamp&quot;:&quot;1754688784&quot;,&quot;copyright&quot;:&quot;&quot;,&quot;focal_length&quot;:&quot;5.23&quot;,&quot;iso&quot;:&quot;2500&quot;,&quot;shutter_speed&quot;:&quot;0.21&quot;,&quot;title&quot;:&quot;&quot;,&quot;orientation&quot;:&quot;1&quot;}\" data-image-title=\"20250808_213300\" data-image-description=\"\" data-medium-file=\"https:\/\/buchau.be\/traveltimeline\/wp-content\/uploads\/2025\/08\/20250808_213300-300x300.jpg\" data-large-file=\"https:\/\/buchau.be\/traveltimeline\/wp-content\/uploads\/2025\/08\/20250808_213300-1024x1024.jpg\" src=\"https:\/\/buchau.be\/traveltimeline\/wp-content\/uploads\/2025\/08\/20250808_213300-1024x1024.jpg\" width=\"256\" height=\"256\" align=\"left\" title=\"20250808_213300\" \/><\/a><\/div><\/div><div class=\"gallery-group images-1\" style=\"width: 260px; height: 260px;\"><div class=\"tiled-gallery-item tiled-gallery-item-large\"><a href=\"https:\/\/buchau.be\/traveltimeline\/wp-content\/uploads\/2025\/08\/20250808_222445.jpg\"><img loading=\"lazy\" decoding=\"async\" data-attachment-id=\"2466\" data-orig-file=\"https:\/\/buchau.be\/traveltimeline\/wp-content\/uploads\/2025\/08\/20250808_222445.jpg\" data-orig-size=\"2084,2085\" data-comments-opened=\"0\" data-image-meta=\"{&quot;aperture&quot;:&quot;1.8&quot;,&quot;credit&quot;:&quot;&quot;,&quot;camera&quot;:&quot;SM-A528B&quot;,&quot;caption&quot;:&quot;&quot;,&quot;created_timestamp&quot;:&quot;1754691888&quot;,&quot;copyright&quot;:&quot;&quot;,&quot;focal_length&quot;:&quot;5.23&quot;,&quot;iso&quot;:&quot;2500&quot;,&quot;shutter_speed&quot;:&quot;0.1&quot;,&quot;title&quot;:&quot;&quot;,&quot;orientation&quot;:&quot;1&quot;}\" data-image-title=\"20250808_222445\" data-image-description=\"\" data-medium-file=\"https:\/\/buchau.be\/traveltimeline\/wp-content\/uploads\/2025\/08\/20250808_222445-300x300.jpg\" data-large-file=\"https:\/\/buchau.be\/traveltimeline\/wp-content\/uploads\/2025\/08\/20250808_222445-1024x1024.jpg\" src=\"https:\/\/buchau.be\/traveltimeline\/wp-content\/uploads\/2025\/08\/20250808_222445-1024x1024.jpg\" width=\"256\" height=\"256\" align=\"left\" title=\"20250808_222445\" \/><\/a><\/div><\/div><\/div><\/div>\n<p>&nbsp;<\/p>\n<p>On va retrouver Gene et Pascal, \u00e0 <em>Aubussargues<\/em>, pour un barbec&rsquo; et pour jouer jusque tard dans la nuit. On a ador\u00e9!<\/p>\n<p>Sinon, on ne bouge pas beaucoup (euph\u00e9misme), mis \u00e0 part le mus\u00e9e <em>Luma<\/em> \u00e0 <em>Arles<\/em>.<\/p>\n<p>On remonte via <em>Beaune<\/em> et <em>Paris<\/em>, pour le dernier we des vacances.<\/p>\n<p><em>(Voco Strasbourg, Crowne Plaza Lyon, Voco Beaune Cit\u00e9 des vins, Holiday Inn Paris Gare de Lyon)<\/em><\/p>\n","protected":false},"excerpt":{"rendered":"<p>Premi\u00e8re quinzaine d&rsquo;ao\u00fbt en Provence, en passant \u00e0 Strasbourg pour saluer le papa de Ben et par Lyon (juste parce qu&rsquo;on aime bien Lyon). Note pour plus tard : pr\u00e9voir de ne pas rouler le premier samedi du mois d&rsquo;ao\u00fbt! Pour la premi\u00e8re fois depuis plus de 20 ans, on change de logement. On se &hellip; <\/p>\n<p class=\"link-more\"><a href=\"https:\/\/buchau.be\/traveltimeline\/2025\/08\/saint-remy-de-provence-4\/\" class=\"more-link\">Continuer la lecture<span class=\"screen-reader-text\"> de &laquo;&nbsp;Saint-R\u00e9my-de-Provence&nbsp;&raquo;<\/span><\/a><\/p>\n","protected":false},"author":1,"featured_media":2467,"comment_status":"closed","ping_status":"closed","sticky":false,"template":"","format":"standard","meta":{"footnotes":""},"categories":[10,5,7],"tags":[322,319,21,132,160,22,313,134],"class_list":["post-2457","post","type-post","status-publish","format-standard","has-post-thumbnail","hentry","category-10","category-escapade","category-europe","tag-322","tag-beaune","tag-france","tag-lyon","tag-paris","tag-provence","tag-saint-remy-de-provence","tag-strasbourg"],"_links":{"self":[{"href":"https:\/\/buchau.be\/traveltimeline\/wp-json\/wp\/v2\/posts\/2457","targetHints":{"allow":["GET"]}}],"collection":[{"href":"https:\/\/buchau.be\/traveltimeline\/wp-json\/wp\/v2\/posts"}],"about":[{"href":"https:\/\/buchau.be\/traveltimeline\/wp-json\/wp\/v2\/types\/post"}],"author":[{"embeddable":true,"href":"https:\/\/buchau.be\/traveltimeline\/wp-json\/wp\/v2\/users\/1"}],"replies":[{"embeddable":true,"href":"https:\/\/buchau.be\/traveltimeline\/wp-json\/wp\/v2\/comments?post=2457"}],"version-history":[{"count":3,"href":"https:\/\/buchau.be\/traveltimeline\/wp-json\/wp\/v2\/posts\/2457\/revisions"}],"predecessor-version":[{"id":2480,"href":"https:\/\/buchau.be\/traveltimeline\/wp-json\/wp\/v2\/posts\/2457\/revisions\/2480"}],"wp:featuredmedia":[{"embeddable":true,"href":"https:\/\/buchau.be\/traveltimeline\/wp-json\/wp\/v2\/media\/2467"}],"wp:attachment":[{"href":"https:\/\/buchau.be\/traveltimeline\/wp-json\/wp\/v2\/media?parent=2457"}],"wp:term":[{"taxonomy":"category","embeddable":true,"href":"https:\/\/buchau.be\/traveltimeline\/wp-json\/wp\/v2\/categories?post=2457"},{"taxonomy":"post_tag","embeddable":true,"href":"https:\/\/buchau.be\/traveltimeline\/wp-json\/wp\/v2\/tags?post=2457"}],"curies":[{"name":"wp","href":"https:\/\/api.w.org\/{rel}","templated":true}]}}