{"id":2471,"date":"2025-08-30T16:11:41","date_gmt":"2025-08-30T14:11:41","guid":{"rendered":"https:\/\/buchau.be\/traveltimeline\/?p=2471"},"modified":"2025-09-03T16:18:49","modified_gmt":"2025-09-03T14:18:49","slug":"week-end-de-rentree-a-oostende","status":"publish","type":"post","link":"https:\/\/buchau.be\/traveltimeline\/2025\/08\/week-end-de-rentree-a-oostende\/","title":{"rendered":"Week-end de rentr\u00e9e \u00e0 Oostende"},"content":{"rendered":"<p>Un petit we (pluvieux) \u00e0 la mer, dans l&rsquo;appartement de <em>Bonne-Maman de Bruxelles<\/em>. Il s&rsquo;agit en fait d&rsquo;un studio sur la digue d&rsquo;<em>Oostende<\/em>, appartenant \u00e0 des amis de Marie. On adore observer les gens sur la digue et dormir, la fen\u00eatre entrouverte pour entendre le bruit des vagues, au loin.<\/p>\n<p><img loading=\"lazy\" decoding=\"async\" class=\"aligncenter size-full wp-image-2474\" src=\"https:\/\/buchau.be\/traveltimeline\/wp-content\/uploads\/2025\/09\/wp-17569085515366284165692447183505.jpg\" alt=\"\" width=\"1999\" height=\"900\" srcset=\"https:\/\/buchau.be\/traveltimeline\/wp-content\/uploads\/2025\/09\/wp-17569085515366284165692447183505.jpg 1999w, https:\/\/buchau.be\/traveltimeline\/wp-content\/uploads\/2025\/09\/wp-17569085515366284165692447183505-300x135.jpg 300w, https:\/\/buchau.be\/traveltimeline\/wp-content\/uploads\/2025\/09\/wp-17569085515366284165692447183505-1024x461.jpg 1024w, https:\/\/buchau.be\/traveltimeline\/wp-content\/uploads\/2025\/09\/wp-17569085515366284165692447183505-768x346.jpg 768w, https:\/\/buchau.be\/traveltimeline\/wp-content\/uploads\/2025\/09\/wp-17569085515366284165692447183505-1536x692.jpg 1536w\" sizes=\"auto, (max-width: 767px) 89vw, (max-width: 1000px) 54vw, (max-width: 1071px) 543px, 580px\" \/><\/p>\n<p>Je profite d&rsquo;une \u00e9claircie d&rsquo;une paire d&rsquo;heures pour aller faire un parcours au golf de l&rsquo;hippodrome, le <em>Wellington<\/em>. Dieu, que les trous sont longs! Mon score \u00e9tait tr\u00e8s mauvais!<\/p>\n<div data-carousel-extra='{\"blog_id\":1,\"permalink\":\"https:\\\/\\\/buchau.be\\\/traveltimeline\\\/2025\\\/08\\\/week-end-de-rentree-a-oostende\\\/\"}' class=\"tiled-gallery type-rectangular\" data-original-width=\"525\"><div class=\"gallery-row\" style=\"width: 520px; height: 314px;\"><div class=\"gallery-group images-1\" style=\"width: 319px; height: 318px;\"><div class=\"tiled-gallery-item tiled-gallery-item-large\"><a href=\"https:\/\/buchau.be\/traveltimeline\/wp-content\/uploads\/2025\/09\/wp-17569085514445694613469529562271.jpg\"><img loading=\"lazy\" decoding=\"async\" data-attachment-id=\"2476\" data-orig-file=\"https:\/\/buchau.be\/traveltimeline\/wp-content\/uploads\/2025\/09\/wp-17569085514445694613469529562271.jpg\" data-orig-size=\"1701,1699\" data-comments-opened=\"0\" data-image-meta=\"{&quot;aperture&quot;:&quot;2.2&quot;,&quot;credit&quot;:&quot;&quot;,&quot;camera&quot;:&quot;SM-A528B&quot;,&quot;caption&quot;:&quot;&quot;,&quot;created_timestamp&quot;:&quot;1756553969&quot;,&quot;copyright&quot;:&quot;&quot;,&quot;focal_length&quot;:&quot;3.72&quot;,&quot;iso&quot;:&quot;40&quot;,&quot;shutter_speed&quot;:&quot;0.0007&quot;,&quot;title&quot;:&quot;&quot;,&quot;orientation&quot;:&quot;1&quot;}\" data-image-title=\"wp-17569085514445694613469529562271.jpg\" data-image-description=\"\" data-medium-file=\"https:\/\/buchau.be\/traveltimeline\/wp-content\/uploads\/2025\/09\/wp-17569085514445694613469529562271-300x300.jpg\" data-large-file=\"https:\/\/buchau.be\/traveltimeline\/wp-content\/uploads\/2025\/09\/wp-17569085514445694613469529562271-1024x1024.jpg\" src=\"https:\/\/buchau.be\/traveltimeline\/wp-content\/uploads\/2025\/09\/wp-17569085514445694613469529562271-1024x1024.jpg\" width=\"315\" height=\"314\" align=\"left\" title=\"wp-17569085514445694613469529562271.jpg\" \/><\/a><\/div><\/div><div class=\"gallery-group images-2\" style=\"width: 201px; height: 318px;\"><div class=\"tiled-gallery-item tiled-gallery-item-large\"><a href=\"https:\/\/buchau.be\/traveltimeline\/wp-content\/uploads\/2025\/09\/wp-17569085513848317239040223985681.jpg\"><img loading=\"lazy\" decoding=\"async\" data-attachment-id=\"2475\" data-orig-file=\"https:\/\/buchau.be\/traveltimeline\/wp-content\/uploads\/2025\/09\/wp-17569085513848317239040223985681.jpg\" data-orig-size=\"1353,1353\" data-comments-opened=\"0\" data-image-meta=\"{&quot;aperture&quot;:&quot;1.8&quot;,&quot;credit&quot;:&quot;&quot;,&quot;camera&quot;:&quot;SM-A528B&quot;,&quot;caption&quot;:&quot;&quot;,&quot;created_timestamp&quot;:&quot;1756555338&quot;,&quot;copyright&quot;:&quot;&quot;,&quot;focal_length&quot;:&quot;5.23&quot;,&quot;iso&quot;:&quot;25&quot;,&quot;shutter_speed&quot;:&quot;0.0013&quot;,&quot;title&quot;:&quot;&quot;,&quot;orientation&quot;:&quot;1&quot;}\" data-image-title=\"wp-17569085513848317239040223985681.jpg\" data-image-description=\"\" data-medium-file=\"https:\/\/buchau.be\/traveltimeline\/wp-content\/uploads\/2025\/09\/wp-17569085513848317239040223985681-300x300.jpg\" data-large-file=\"https:\/\/buchau.be\/traveltimeline\/wp-content\/uploads\/2025\/09\/wp-17569085513848317239040223985681-1024x1024.jpg\" src=\"https:\/\/buchau.be\/traveltimeline\/wp-content\/uploads\/2025\/09\/wp-17569085513848317239040223985681-1024x1024.jpg\" width=\"197\" height=\"197\" align=\"left\" title=\"wp-17569085513848317239040223985681.jpg\" \/><\/a><\/div><div class=\"tiled-gallery-item tiled-gallery-item-large\"><a href=\"https:\/\/buchau.be\/traveltimeline\/wp-content\/uploads\/2025\/09\/wp-17569085511586386596499048239299.jpg\"><img loading=\"lazy\" decoding=\"async\" data-attachment-id=\"2472\" data-orig-file=\"https:\/\/buchau.be\/traveltimeline\/wp-content\/uploads\/2025\/09\/wp-17569085511586386596499048239299.jpg\" data-orig-size=\"2000,1143\" data-comments-opened=\"0\" data-image-meta=\"{&quot;aperture&quot;:&quot;2.2&quot;,&quot;credit&quot;:&quot;&quot;,&quot;camera&quot;:&quot;SM-A528B&quot;,&quot;caption&quot;:&quot;&quot;,&quot;created_timestamp&quot;:&quot;1756553387&quot;,&quot;copyright&quot;:&quot;&quot;,&quot;focal_length&quot;:&quot;3.72&quot;,&quot;iso&quot;:&quot;40&quot;,&quot;shutter_speed&quot;:&quot;0.0066&quot;,&quot;title&quot;:&quot;&quot;,&quot;orientation&quot;:&quot;1&quot;}\" data-image-title=\"wp-17569085511586386596499048239299.jpg\" data-image-description=\"\" data-medium-file=\"https:\/\/buchau.be\/traveltimeline\/wp-content\/uploads\/2025\/09\/wp-17569085511586386596499048239299-300x171.jpg\" data-large-file=\"https:\/\/buchau.be\/traveltimeline\/wp-content\/uploads\/2025\/09\/wp-17569085511586386596499048239299-1024x585.jpg\" src=\"https:\/\/buchau.be\/traveltimeline\/wp-content\/uploads\/2025\/09\/wp-17569085511586386596499048239299-1024x585.jpg\" width=\"197\" height=\"113\" align=\"left\" title=\"wp-17569085511586386596499048239299.jpg\" \/><\/a><\/div><\/div><\/div><\/div>\n<p>&nbsp;<\/p>\n<p>On fait aussi un petit tour \u00e0 v\u00e9lo dans l&rsquo;arri\u00e8re-pays; bien sympa, comme d&rsquo;hab! (et sec).<\/p>\n","protected":false},"excerpt":{"rendered":"<p>Un petit we (pluvieux) \u00e0 la mer, dans l&rsquo;appartement de Bonne-Maman de Bruxelles. Il s&rsquo;agit en fait d&rsquo;un studio sur la digue d&rsquo;Oostende, appartenant \u00e0 des amis de Marie. On adore observer les gens sur la digue et dormir, la fen\u00eatre entrouverte pour entendre le bruit des vagues, au loin. Je profite d&rsquo;une \u00e9claircie d&rsquo;une &hellip; <\/p>\n<p class=\"link-more\"><a href=\"https:\/\/buchau.be\/traveltimeline\/2025\/08\/week-end-de-rentree-a-oostende\/\" class=\"more-link\">Continuer la lecture<span class=\"screen-reader-text\"> de &laquo;&nbsp;Week-end de rentr\u00e9e \u00e0 Oostende&nbsp;&raquo;<\/span><\/a><\/p>\n","protected":false},"author":1,"featured_media":2473,"comment_status":"closed","ping_status":"closed","sticky":false,"template":"","format":"standard","meta":{"footnotes":""},"categories":[10,7,3],"tags":[322,157,155],"class_list":["post-2471","post","type-post","status-publish","format-standard","has-post-thumbnail","hentry","category-10","category-europe","category-week-end","tag-322","tag-belgique","tag-oostende"],"_links":{"self":[{"href":"https:\/\/buchau.be\/traveltimeline\/wp-json\/wp\/v2\/posts\/2471","targetHints":{"allow":["GET"]}}],"collection":[{"href":"https:\/\/buchau.be\/traveltimeline\/wp-json\/wp\/v2\/posts"}],"about":[{"href":"https:\/\/buchau.be\/traveltimeline\/wp-json\/wp\/v2\/types\/post"}],"author":[{"embeddable":true,"href":"https:\/\/buchau.be\/traveltimeline\/wp-json\/wp\/v2\/users\/1"}],"replies":[{"embeddable":true,"href":"https:\/\/buchau.be\/traveltimeline\/wp-json\/wp\/v2\/comments?post=2471"}],"version-history":[{"count":3,"href":"https:\/\/buchau.be\/traveltimeline\/wp-json\/wp\/v2\/posts\/2471\/revisions"}],"predecessor-version":[{"id":2479,"href":"https:\/\/buchau.be\/traveltimeline\/wp-json\/wp\/v2\/posts\/2471\/revisions\/2479"}],"wp:featuredmedia":[{"embeddable":true,"href":"https:\/\/buchau.be\/traveltimeline\/wp-json\/wp\/v2\/media\/2473"}],"wp:attachment":[{"href":"https:\/\/buchau.be\/traveltimeline\/wp-json\/wp\/v2\/media?parent=2471"}],"wp:term":[{"taxonomy":"category","embeddable":true,"href":"https:\/\/buchau.be\/traveltimeline\/wp-json\/wp\/v2\/categories?post=2471"},{"taxonomy":"post_tag","embeddable":true,"href":"https:\/\/buchau.be\/traveltimeline\/wp-json\/wp\/v2\/tags?post=2471"}],"curies":[{"name":"wp","href":"https:\/\/api.w.org\/{rel}","templated":true}]}}