{"id":723,"date":"2017-01-28T18:22:51","date_gmt":"2017-01-28T17:22:51","guid":{"rendered":"http:\/\/buchau.be\/traveltimeline\/?p=723"},"modified":"2017-02-01T17:08:25","modified_gmt":"2017-02-01T16:08:25","slug":"we-en-lhollande-la-haye-soestduinen","status":"publish","type":"post","link":"https:\/\/buchau.be\/traveltimeline\/2017\/01\/we-en-lhollande-la-haye-soestduinen\/","title":{"rendered":"WE en l&rsquo;Hollande (La Haye &#038; Soestduinen)"},"content":{"rendered":"<p>Quel plaisir de se faire un petit <em>Set Genki Tei<\/em> et un <em>Eetvilla<\/em> en cette p\u00e9riode hivernale! Oui, on ne pense qu&rsquo;\u00e0 manger et alors \ud83d\ude42 En-cas \u00e0 <em>De Waag<\/em> \u00e0 <em>Delft<\/em>, balade \u00e0 v\u00e9lo &amp; shopping dans <em>La Haye<\/em>, grande promenade sur la plage et kibbeling \u00e0 <em>Katwijk aan Zee<\/em>,<\/p>\n","protected":false},"excerpt":{"rendered":"<p>Quel plaisir de se faire un petit Set Genki Tei et un Eetvilla en cette p\u00e9riode hivernale! Oui, on ne pense qu&rsquo;\u00e0 manger et alors \ud83d\ude42 En-cas \u00e0 De Waag \u00e0 Delft, balade \u00e0 v\u00e9lo &amp; shopping dans La Haye, grande promenade sur la plage et kibbeling \u00e0 Katwijk aan Zee,<\/p>\n","protected":false},"author":1,"featured_media":727,"comment_status":"closed","ping_status":"closed","sticky":false,"template":"","format":"standard","meta":{"footnotes":""},"categories":[10,4,5,3],"tags":[224,168,46,170],"class_list":["post-723","post","type-post","status-publish","format-standard","has-post-thumbnail","hentry","category-10","category-city-trip","category-escapade","category-week-end","tag-224","tag-la-haye","tag-pays-bas","tag-soestduinen"],"_links":{"self":[{"href":"https:\/\/buchau.be\/traveltimeline\/wp-json\/wp\/v2\/posts\/723","targetHints":{"allow":["GET"]}}],"collection":[{"href":"https:\/\/buchau.be\/traveltimeline\/wp-json\/wp\/v2\/posts"}],"about":[{"href":"https:\/\/buchau.be\/traveltimeline\/wp-json\/wp\/v2\/types\/post"}],"author":[{"embeddable":true,"href":"https:\/\/buchau.be\/traveltimeline\/wp-json\/wp\/v2\/users\/1"}],"replies":[{"embeddable":true,"href":"https:\/\/buchau.be\/traveltimeline\/wp-json\/wp\/v2\/comments?post=723"}],"version-history":[{"count":3,"href":"https:\/\/buchau.be\/traveltimeline\/wp-json\/wp\/v2\/posts\/723\/revisions"}],"predecessor-version":[{"id":728,"href":"https:\/\/buchau.be\/traveltimeline\/wp-json\/wp\/v2\/posts\/723\/revisions\/728"}],"wp:featuredmedia":[{"embeddable":true,"href":"https:\/\/buchau.be\/traveltimeline\/wp-json\/wp\/v2\/media\/727"}],"wp:attachment":[{"href":"https:\/\/buchau.be\/traveltimeline\/wp-json\/wp\/v2\/media?parent=723"}],"wp:term":[{"taxonomy":"category","embeddable":true,"href":"https:\/\/buchau.be\/traveltimeline\/wp-json\/wp\/v2\/categories?post=723"},{"taxonomy":"post_tag","embeddable":true,"href":"https:\/\/buchau.be\/traveltimeline\/wp-json\/wp\/v2\/tags?post=723"}],"curies":[{"name":"wp","href":"https:\/\/api.w.org\/{rel}","templated":true}]}}