{"id":732,"date":"2017-03-05T10:39:59","date_gmt":"2017-03-05T09:39:59","guid":{"rendered":"http:\/\/buchau.be\/traveltimeline\/?p=732"},"modified":"2017-03-10T13:44:10","modified_gmt":"2017-03-10T12:44:10","slug":"732","status":"publish","type":"post","link":"https:\/\/buchau.be\/traveltimeline\/2017\/03\/732\/","title":{"rendered":"Leiden, Soestduinen et Rotterdam"},"content":{"rendered":"<p>2 mars: repas <em>De Waag<\/em> \u00e0 <em>Delft<\/em> et achat fromages passage h\u00f4tel <em>Leiden<\/em>, promenade plage <em>Noordwijk aan zee<\/em>, (re)d\u00e9couverte de <em>Leiden<\/em>, souper h\u00f4tel (<em>HGI Leiden<\/em>)<br \/>\n3 mars: tentative de promenade sur la plage de <em>Bloemendael aan zee<\/em>: pluie! L\u00e8che-vitrine \u00e0 <em>Haarlem<\/em> (achat &lsquo;amandel krullen&rsquo; et th\u00e9s &lsquo;perzik&rsquo;). Kroketten chez <em>Van Dobben<\/em> (Choupette a pris l&rsquo;<a href=\"https:\/\/igx.4sqi.net\/img\/general\/600x600\/6553573_4KzItbp2ONBeH7uaFQ2VnkNXoEhBMlKAIa6pEX3jw04.jpg\">ascenseur<\/a> dans un parking \u00e0 5\u20ac \/ 45min). Installation \u00e0 l&rsquo;h\u00f4tel (<em>Hilton Royal Park Soestduinen<\/em>) (suite Rapha\u00ebl) et excellent souper \u00e0 <em>Eetvilla<\/em>.<br \/>\n4 mars: March\u00e9 \u00e0 <em>Gouda<\/em>. Arriv\u00e9e \u00e0 <em>Rotterdam<\/em> (<em>Hilton Rotterdam<\/em>). Passage au &lsquo;<em>Patchwork Quiltshop Marijke van Hesse<\/em>&lsquo;. Il pleut. Marche dans la ville (tr\u00e8s commer\u00e7ante) et d\u00e9couverte de son architecture \u00ab\u00a0particuli\u00e8re\u00a0\u00bb. Repas chez <em>Jamie&rsquo;s italian<\/em>.<br \/>\n5 mars: Visite des mus\u00e9es <em>Boeijmans<\/em> et <em>Witte de With Center<\/em>. Passage \u00e0 <em>Bruges<\/em> pour achat timbale (rat\u00e9); repas <em>LPQ<\/em>.<\/p>\n","protected":false},"excerpt":{"rendered":"<p>2 mars: repas De Waag \u00e0 Delft et achat fromages passage h\u00f4tel Leiden, promenade plage Noordwijk aan zee, (re)d\u00e9couverte de Leiden, souper h\u00f4tel (HGI Leiden) 3 mars: tentative de promenade sur la plage de Bloemendael aan zee: pluie! L\u00e8che-vitrine \u00e0 Haarlem (achat &lsquo;amandel krullen&rsquo; et th\u00e9s &lsquo;perzik&rsquo;). Kroketten chez Van Dobben (Choupette a pris l&rsquo;ascenseur &hellip; <\/p>\n<p class=\"link-more\"><a href=\"https:\/\/buchau.be\/traveltimeline\/2017\/03\/732\/\" class=\"more-link\">Continuer la lecture<span class=\"screen-reader-text\"> de &laquo;&nbsp;Leiden, Soestduinen et Rotterdam&nbsp;&raquo;<\/span><\/a><\/p>\n","protected":false},"author":1,"featured_media":733,"comment_status":"closed","ping_status":"closed","sticky":false,"template":"","format":"standard","meta":{"footnotes":""},"categories":[10,4,5,3],"tags":[224,74,48,225,46,226,170],"class_list":["post-732","post","type-post","status-publish","format-standard","has-post-thumbnail","hentry","category-10","category-city-trip","category-escapade","category-week-end","tag-224","tag-amsterdam","tag-delft","tag-leiden","tag-pays-bas","tag-rotterdam","tag-soestduinen"],"_links":{"self":[{"href":"https:\/\/buchau.be\/traveltimeline\/wp-json\/wp\/v2\/posts\/732","targetHints":{"allow":["GET"]}}],"collection":[{"href":"https:\/\/buchau.be\/traveltimeline\/wp-json\/wp\/v2\/posts"}],"about":[{"href":"https:\/\/buchau.be\/traveltimeline\/wp-json\/wp\/v2\/types\/post"}],"author":[{"embeddable":true,"href":"https:\/\/buchau.be\/traveltimeline\/wp-json\/wp\/v2\/users\/1"}],"replies":[{"embeddable":true,"href":"https:\/\/buchau.be\/traveltimeline\/wp-json\/wp\/v2\/comments?post=732"}],"version-history":[{"count":2,"href":"https:\/\/buchau.be\/traveltimeline\/wp-json\/wp\/v2\/posts\/732\/revisions"}],"predecessor-version":[{"id":735,"href":"https:\/\/buchau.be\/traveltimeline\/wp-json\/wp\/v2\/posts\/732\/revisions\/735"}],"wp:featuredmedia":[{"embeddable":true,"href":"https:\/\/buchau.be\/traveltimeline\/wp-json\/wp\/v2\/media\/733"}],"wp:attachment":[{"href":"https:\/\/buchau.be\/traveltimeline\/wp-json\/wp\/v2\/media?parent=732"}],"wp:term":[{"taxonomy":"category","embeddable":true,"href":"https:\/\/buchau.be\/traveltimeline\/wp-json\/wp\/v2\/categories?post=732"},{"taxonomy":"post_tag","embeddable":true,"href":"https:\/\/buchau.be\/traveltimeline\/wp-json\/wp\/v2\/tags?post=732"}],"curies":[{"name":"wp","href":"https:\/\/api.w.org\/{rel}","templated":true}]}}