{"id":809,"date":"2017-07-09T11:54:59","date_gmt":"2017-07-09T09:54:59","guid":{"rendered":"http:\/\/buchau.be\/traveltimeline\/?p=809"},"modified":"2017-07-28T18:15:42","modified_gmt":"2017-07-28T16:15:42","slug":"japon-hong-kong-macao","status":"publish","type":"post","link":"https:\/\/buchau.be\/traveltimeline\/2017\/07\/japon-hong-kong-macao\/","title":{"rendered":"Japon, Hong-Kong &#038; Macao"},"content":{"rendered":"<p>4\u00e8me voyage au <em>Japon<\/em>, 5\u00e8me s\u00e9jour \u00e0 <em>Hong-Kong<\/em> et 2\u00e8me passage \u00e0 <em>Macao<\/em>. Il faut croire qu&rsquo;on aime particuli\u00e8rement ces diff\u00e9rents endroits de la plan\u00e8te!<\/p>\n<p><a href=\"http:\/\/buchau.be\/japon2017\">http:\/\/buchau.be\/japon2017<\/a><\/p>\n","protected":false},"excerpt":{"rendered":"<p>4\u00e8me voyage au Japon, 5\u00e8me s\u00e9jour \u00e0 Hong-Kong et 2\u00e8me passage \u00e0 Macao. Il faut croire qu&rsquo;on aime particuli\u00e8rement ces diff\u00e9rents endroits de la plan\u00e8te! http:\/\/buchau.be\/japon2017<\/p>\n","protected":false},"author":1,"featured_media":820,"comment_status":"closed","ping_status":"closed","sticky":false,"template":"","format":"standard","meta":{"footnotes":""},"categories":[10,6,2],"tags":[224,12,11,234,16,236,235,178,13],"class_list":["post-809","post","type-post","status-publish","format-standard","has-post-thumbnail","hentry","category-10","category-asie","category-voyage","tag-224","tag-hong-kong","tag-japon","tag-kanazawa","tag-macao","tag-naoshima","tag-okayama","tag-osaka","tag-tokyo"],"_links":{"self":[{"href":"https:\/\/buchau.be\/traveltimeline\/wp-json\/wp\/v2\/posts\/809","targetHints":{"allow":["GET"]}}],"collection":[{"href":"https:\/\/buchau.be\/traveltimeline\/wp-json\/wp\/v2\/posts"}],"about":[{"href":"https:\/\/buchau.be\/traveltimeline\/wp-json\/wp\/v2\/types\/post"}],"author":[{"embeddable":true,"href":"https:\/\/buchau.be\/traveltimeline\/wp-json\/wp\/v2\/users\/1"}],"replies":[{"embeddable":true,"href":"https:\/\/buchau.be\/traveltimeline\/wp-json\/wp\/v2\/comments?post=809"}],"version-history":[{"count":3,"href":"https:\/\/buchau.be\/traveltimeline\/wp-json\/wp\/v2\/posts\/809\/revisions"}],"predecessor-version":[{"id":812,"href":"https:\/\/buchau.be\/traveltimeline\/wp-json\/wp\/v2\/posts\/809\/revisions\/812"}],"wp:featuredmedia":[{"embeddable":true,"href":"https:\/\/buchau.be\/traveltimeline\/wp-json\/wp\/v2\/media\/820"}],"wp:attachment":[{"href":"https:\/\/buchau.be\/traveltimeline\/wp-json\/wp\/v2\/media?parent=809"}],"wp:term":[{"taxonomy":"category","embeddable":true,"href":"https:\/\/buchau.be\/traveltimeline\/wp-json\/wp\/v2\/categories?post=809"},{"taxonomy":"post_tag","embeddable":true,"href":"https:\/\/buchau.be\/traveltimeline\/wp-json\/wp\/v2\/tags?post=809"}],"curies":[{"name":"wp","href":"https:\/\/api.w.org\/{rel}","templated":true}]}}